{"data":"<li>\n    <!-- Post Item Start -->\n    <div class=\"post--item post--layout-3\">\n        <div class=\"post--img\">\n            <a href=\"\/post\/varzea-grande-coloca-em-acao-o-plano-de-contingencia-no-enfrentamento-a-dengue-acoes-iniciam-no-grande-cristo-rei\" class=\"thumb\">\n                <img class=\"lazy\" data-src=\"\/cache\/img\/noticias\/113.fghj-100x70.jpeg\" alt=\"\" src=\"data:image\/gif;base64,R0lGODlhAQABAAAAACH5BAEKAAEALAAAAAABAAEAAAICTAEAOw==\"><\/a>\n\n            <div class=\"post--info\">\n                <ul class=\"nav meta\">\n                   <!-- <li><a href=\"#\"><\/a><\/li> -->\n                    <li><a href=\"#\">23\/02\/2024<\/a><\/li>\n                <\/ul>\n\n                <div class=\"title\">\n                    <h3 class=\"h4\"><a href=\"\/post\/varzea-grande-coloca-em-acao-o-plano-de-contingencia-no-enfrentamento-a-dengue-acoes-iniciam-no-grande-cristo-rei\" class=\"btn-link title_box_2_lines\">V\u00e1rzea Grande coloca em a\u00e7\u00e3o o Plano de Conting\u00eancia no enfrentamento a dengue: a\u00e7\u00f5es iniciam no Grande Cristo Rei<\/a><\/h3>\n                <\/div>\n            <\/div>\n        <\/div>\n    <\/div>\n    <!-- Post Item End -->\n<\/li>\n<li>\n    <!-- Post Item Start -->\n    <div class=\"post--item post--layout-3\">\n        <div class=\"post--img\">\n            <a href=\"\/post\/formalizada-no-senado-a-pec-da-transicao\" class=\"thumb\">\n                <img class=\"lazy\" data-src=\"\/cache\/img\/noticias\/501 Ag Brasil-100x70.jpg\" alt=\"\" src=\"data:image\/gif;base64,R0lGODlhAQABAAAAACH5BAEKAAEALAAAAAABAAEAAAICTAEAOw==\"><\/a>\n\n            <div class=\"post--info\">\n                <ul class=\"nav meta\">\n                   <!-- <li><a href=\"#\"><\/a><\/li> -->\n                    <li><a href=\"#\">29\/11\/2022<\/a><\/li>\n                <\/ul>\n\n                <div class=\"title\">\n                    <h3 class=\"h4\"><a href=\"\/post\/formalizada-no-senado-a-pec-da-transicao\" class=\"btn-link title_box_2_lines\">Formalizada no Senado a PEC da Transi\u00e7\u00e3o<\/a><\/h3>\n                <\/div>\n            <\/div>\n        <\/div>\n    <\/div>\n    <!-- Post Item End -->\n<\/li>\n<li>\n    <!-- Post Item Start -->\n    <div class=\"post--item post--layout-3\">\n        <div class=\"post--img\">\n            <a href=\"\/post\/kalil-e-emanuel-anunciam-emendas-de-r-15-5-milhoes-para-a-saude-de-varzea-grande\" class=\"thumb\">\n                <img class=\"lazy\" data-src=\"\/cache\/img\/noticias\/99998899.vg-100x70.jpeg\" alt=\"\" src=\"data:image\/gif;base64,R0lGODlhAQABAAAAACH5BAEKAAEALAAAAAABAAEAAAICTAEAOw==\"><\/a>\n\n            <div class=\"post--info\">\n                <ul class=\"nav meta\">\n                   <!-- <li><a href=\"#\"><\/a><\/li> -->\n                    <li><a href=\"#\">23\/10\/2023<\/a><\/li>\n                <\/ul>\n\n                <div class=\"title\">\n                    <h3 class=\"h4\"><a href=\"\/post\/kalil-e-emanuel-anunciam-emendas-de-r-15-5-milhoes-para-a-saude-de-varzea-grande\" class=\"btn-link title_box_2_lines\">Kalil e Emanuel anunciam emendas de R$ 15,5 milh\u00f5es para a sa\u00fade de V\u00e1rzea Grande<\/a><\/h3>\n                <\/div>\n            <\/div>\n        <\/div>\n    <\/div>\n    <!-- Post Item End -->\n<\/li>\n<li>\n    <!-- Post Item Start -->\n    <div class=\"post--item post--layout-3\">\n        <div class=\"post--img\">\n            <a href=\"\/post\/jogos-do-trabalhador-em-sinop-tem-inscricoes-abertas-e-conta-com-atracoes-culturais-e-7-modalidades\" class=\"thumb\">\n                <img class=\"lazy\" data-src=\"\/cache\/img\/noticias\/1173.portalmatogrosso-100x70.jpeg\" alt=\"\" src=\"data:image\/gif;base64,R0lGODlhAQABAAAAACH5BAEKAAEALAAAAAABAAEAAAICTAEAOw==\"><\/a>\n\n            <div class=\"post--info\">\n                <ul class=\"nav meta\">\n                   <!-- <li><a href=\"#\"><\/a><\/li> -->\n                    <li><a href=\"#\">25\/04\/2023<\/a><\/li>\n                <\/ul>\n\n                <div class=\"title\">\n                    <h3 class=\"h4\"><a href=\"\/post\/jogos-do-trabalhador-em-sinop-tem-inscricoes-abertas-e-conta-com-atracoes-culturais-e-7-modalidades\" class=\"btn-link title_box_2_lines\">Jogos do Trabalhador em Sinop tem inscri\u00e7\u00f5es abertas e conta com atra\u00e7\u00f5es culturais e 7 modalidades<\/a><\/h3>\n                <\/div>\n            <\/div>\n        <\/div>\n    <\/div>\n    <!-- Post Item End -->\n<\/li>\n","prev_page_url":"\/authors_posts?page=101","next_page_url":"\/authors_posts?page=103"}