{"data":"<li>\n    <!-- Post Item Start -->\n    <div class=\"post--item post--layout-3\">\n        <div class=\"post--img\">\n            <a href=\"\/post\/cuidado-com-as-barreiras-disfarcadas-disparou-jayme-campos-apos-aprovacao-do-acordo-mercosul-ue\" class=\"thumb\">\n                <img class=\"lazy\" data-src=\"\/cache\/img\/noticias\/jayme-100x70.jpeg\" alt=\"\" src=\"data:image\/gif;base64,R0lGODlhAQABAAAAACH5BAEKAAEALAAAAAABAAEAAAICTAEAOw==\"><\/a>\n\n            <div class=\"post--info\">\n                <ul class=\"nav meta\">\n                   <!-- <li><a href=\"#\"><\/a><\/li> -->\n                    <li><a href=\"#\">05\/03\/2026<\/a><\/li>\n                <\/ul>\n\n                <div class=\"title\">\n                    <h3 class=\"h4\"><a href=\"\/post\/cuidado-com-as-barreiras-disfarcadas-disparou-jayme-campos-apos-aprovacao-do-acordo-mercosul-ue\" class=\"btn-link title_box_2_lines\">Cuidado com as \u2018Barreiras disfar\u00e7adas\u2019 disparou Jayme Campos ap\u00f3s aprova\u00e7\u00e3o do acordo Mercosul-UE<\/a><\/h3>\n                <\/div>\n            <\/div>\n        <\/div>\n    <\/div>\n    <!-- Post Item End -->\n<\/li>\n<li>\n    <!-- Post Item Start -->\n    <div class=\"post--item post--layout-3\">\n        <div class=\"post--img\">\n            <a href=\"\/post\/estudo-aponta-que-certificacao-ampliara-clientes-para-o-setor-madeireiro-em-sinop-madeira-nativa-e-laminada-cruzada-agregam-mais-valor\" class=\"thumb\">\n                <img class=\"lazy\" data-src=\"\/cache\/img\/noticias\/24-100x70.jpg\" alt=\"\" src=\"data:image\/gif;base64,R0lGODlhAQABAAAAACH5BAEKAAEALAAAAAABAAEAAAICTAEAOw==\"><\/a>\n\n            <div class=\"post--info\">\n                <ul class=\"nav meta\">\n                   <!-- <li><a href=\"#\"><\/a><\/li> -->\n                    <li><a href=\"#\">07\/10\/2022<\/a><\/li>\n                <\/ul>\n\n                <div class=\"title\">\n                    <h3 class=\"h4\"><a href=\"\/post\/estudo-aponta-que-certificacao-ampliara-clientes-para-o-setor-madeireiro-em-sinop-madeira-nativa-e-laminada-cruzada-agregam-mais-valor\" class=\"btn-link title_box_2_lines\">Estudo aponta que certifica\u00e7\u00e3o ampliar\u00e1 clientes para o setor madeireiro em Sinop; madeira nativa e laminada cruzada agregam mais valor<\/a><\/h3>\n                <\/div>\n            <\/div>\n        <\/div>\n    <\/div>\n    <!-- Post Item End -->\n<\/li>\n<li>\n    <!-- Post Item Start -->\n    <div class=\"post--item post--layout-3\">\n        <div class=\"post--img\">\n            <a href=\"\/post\/luto-paolinelli-ex-ministro-da-agricultura-nascido-em-bambui-mg-em-1936-foi-um-dos-pilares-da-agropecuaria-brasileira\" class=\"thumb\">\n                <img class=\"lazy\" data-src=\"\/cache\/img\/noticias\/1440.aviculturaindustrial-100x70.jpeg\" alt=\"\" src=\"data:image\/gif;base64,R0lGODlhAQABAAAAACH5BAEKAAEALAAAAAABAAEAAAICTAEAOw==\"><\/a>\n\n            <div class=\"post--info\">\n                <ul class=\"nav meta\">\n                   <!-- <li><a href=\"#\"><\/a><\/li> -->\n                    <li><a href=\"#\">29\/06\/2023<\/a><\/li>\n                <\/ul>\n\n                <div class=\"title\">\n                    <h3 class=\"h4\"><a href=\"\/post\/luto-paolinelli-ex-ministro-da-agricultura-nascido-em-bambui-mg-em-1936-foi-um-dos-pilares-da-agropecuaria-brasileira\" class=\"btn-link title_box_2_lines\">Luto: Paolinelli, ex-ministro da Agricultura nascido em Bambu\u00ed (MG) em 1936, foi um dos pilares da agropecu\u00e1ria brasileira<\/a><\/h3>\n                <\/div>\n            <\/div>\n        <\/div>\n    <\/div>\n    <!-- Post Item End -->\n<\/li>\n<li>\n    <!-- Post Item Start -->\n    <div class=\"post--item post--layout-3\">\n        <div class=\"post--img\">\n            <a href=\"\/post\/milho-exportacao-fechou-em-baixa-no-mercado-fisico\" class=\"thumb\">\n                <img class=\"lazy\" data-src=\"\/cache\/img\/noticias\/637.rehagro-100x70.jpeg\" alt=\"\" src=\"data:image\/gif;base64,R0lGODlhAQABAAAAACH5BAEKAAEALAAAAAABAAEAAAICTAEAOw==\"><\/a>\n\n            <div class=\"post--info\">\n                <ul class=\"nav meta\">\n                   <!-- <li><a href=\"#\"><\/a><\/li> -->\n                    <li><a href=\"#\">26\/10\/2023<\/a><\/li>\n                <\/ul>\n\n                <div class=\"title\">\n                    <h3 class=\"h4\"><a href=\"\/post\/milho-exportacao-fechou-em-baixa-no-mercado-fisico\" class=\"btn-link title_box_2_lines\">Milho exporta\u00e7\u00e3o fechou em baixa no mercado f\u00edsico<\/a><\/h3>\n                <\/div>\n            <\/div>\n        <\/div>\n    <\/div>\n    <!-- Post Item End -->\n<\/li>\n","prev_page_url":"\/authors_posts?page=117","next_page_url":"\/authors_posts?page=119"}