{"data":"<li>\n    <!-- Post Item Start -->\n    <div class=\"post--item post--layout-3\">\n        <div class=\"post--img\">\n            <a href=\"\/post\/mauro-mendes-visita-nortao-nesta-2-para-autorizar-obras-de-novo-hospital-aeroporto-e-mais-r-34-milhoes-na-regiao\" class=\"thumb\">\n                <img class=\"lazy\" data-src=\"\/cache\/img\/noticias\/Mauro-Mendes-maio-2020-assessoria-990x556-100x70.jpg\" alt=\"\" src=\"data:image\/gif;base64,R0lGODlhAQABAAAAACH5BAEKAAEALAAAAAABAAEAAAICTAEAOw==\"><\/a>\n\n            <div class=\"post--info\">\n                <ul class=\"nav meta\">\n                   <!-- <li><a href=\"#\"><\/a><\/li> -->\n                    <li><a href=\"#\">09\/05\/2022<\/a><\/li>\n                <\/ul>\n\n                <div class=\"title\">\n                    <h3 class=\"h4\"><a href=\"\/post\/mauro-mendes-visita-nortao-nesta-2-para-autorizar-obras-de-novo-hospital-aeroporto-e-mais-r-34-milhoes-na-regiao\" class=\"btn-link title_box_2_lines\">Mauro Mendes visita Nort\u00e3o nesta 2\u00aa para autorizar obras de novo hospital, aeroporto e mais R$ 34 milh\u00f5es na regi\u00e3o<\/a><\/h3>\n                <\/div>\n            <\/div>\n        <\/div>\n    <\/div>\n    <!-- Post Item End -->\n<\/li>\n<li>\n    <!-- Post Item Start -->\n    <div class=\"post--item post--layout-3\">\n        <div class=\"post--img\">\n            <a href=\"\/post\/impactos-socioeconomicos-da-recuperacao-de-pastagens-sera-discutido-em-um-seminario-em-mato-grosso\" class=\"thumb\">\n                <img class=\"lazy\" data-src=\"\/cache\/img\/noticias\/1536.embrapa-100x70.jpeg\" alt=\"\" src=\"data:image\/gif;base64,R0lGODlhAQABAAAAACH5BAEKAAEALAAAAAABAAEAAAICTAEAOw==\"><\/a>\n\n            <div class=\"post--info\">\n                <ul class=\"nav meta\">\n                   <!-- <li><a href=\"#\"><\/a><\/li> -->\n                    <li><a href=\"#\">26\/07\/2023<\/a><\/li>\n                <\/ul>\n\n                <div class=\"title\">\n                    <h3 class=\"h4\"><a href=\"\/post\/impactos-socioeconomicos-da-recuperacao-de-pastagens-sera-discutido-em-um-seminario-em-mato-grosso\" class=\"btn-link title_box_2_lines\">Impactos socioecon\u00f4micos da recupera\u00e7\u00e3o de pastagens ser\u00e1 discutido em um semin\u00e1rio em Mato Grosso<\/a><\/h3>\n                <\/div>\n            <\/div>\n        <\/div>\n    <\/div>\n    <!-- Post Item End -->\n<\/li>\n<li>\n    <!-- Post Item Start -->\n    <div class=\"post--item post--layout-3\">\n        <div class=\"post--img\">\n            <a href=\"\/post\/comite-sao-lourenco-convida-populacao-para-reuniao-virtual\" class=\"thumb\">\n                <img class=\"lazy\" data-src=\"\/cache\/img\/noticias\/Juscimeira - CBH S\u00e3o Louren\u00e7o-100x70.jpg\" alt=\"\" src=\"data:image\/gif;base64,R0lGODlhAQABAAAAACH5BAEKAAEALAAAAAABAAEAAAICTAEAOw==\"><\/a>\n\n            <div class=\"post--info\">\n                <ul class=\"nav meta\">\n                   <!-- <li><a href=\"#\"><\/a><\/li> -->\n                    <li><a href=\"#\">07\/05\/2020<\/a><\/li>\n                <\/ul>\n\n                <div class=\"title\">\n                    <h3 class=\"h4\"><a href=\"\/post\/comite-sao-lourenco-convida-populacao-para-reuniao-virtual\" class=\"btn-link title_box_2_lines\">Comit\u00ea S\u00e3o Louren\u00e7o convida popula\u00e7\u00e3o para reuni\u00e3o virtual<\/a><\/h3>\n                <\/div>\n            <\/div>\n        <\/div>\n    <\/div>\n    <!-- Post Item End -->\n<\/li>\n<li>\n    <!-- Post Item Start -->\n    <div class=\"post--item post--layout-3\">\n        <div class=\"post--img\">\n            <a href=\"\/post\/um-sucesso-celebra-primeira-dama-de-mt-pelos-2-5-toneladas-de-leite-arrecadados-na-caminhada-ser-familia-mulher\" class=\"thumb\">\n                <img class=\"lazy\" data-src=\"\/cache\/img\/noticias\/1008.govmt-100x70.jpeg\" alt=\"\" src=\"data:image\/gif;base64,R0lGODlhAQABAAAAACH5BAEKAAEALAAAAAABAAEAAAICTAEAOw==\"><\/a>\n\n            <div class=\"post--info\">\n                <ul class=\"nav meta\">\n                   <!-- <li><a href=\"#\"><\/a><\/li> -->\n                    <li><a href=\"#\">20\/03\/2023<\/a><\/li>\n                <\/ul>\n\n                <div class=\"title\">\n                    <h3 class=\"h4\"><a href=\"\/post\/um-sucesso-celebra-primeira-dama-de-mt-pelos-2-5-toneladas-de-leite-arrecadados-na-caminhada-ser-familia-mulher\" class=\"btn-link title_box_2_lines\">Um sucesso; Celebra primeira-dama de MT, pelos 2,5 toneladas de leite arrecadados na caminhada Ser Fam\u00edlia Mulher<\/a><\/h3>\n                <\/div>\n            <\/div>\n        <\/div>\n    <\/div>\n    <!-- Post Item End -->\n<\/li>\n","prev_page_url":"\/authors_posts?page=124","next_page_url":"\/authors_posts?page=126"}