{"data":"<li>\n    <!-- Post Item Start -->\n    <div class=\"post--item post--layout-3\">\n        <div class=\"post--img\">\n            <a href=\"\/post\/tolerancia-zero-governador-mauro-mendes-zema-eduardo-riedel-e-caiado-repudiam-invasoes\" class=\"thumb\">\n                <img class=\"lazy\" data-src=\"\/cache\/img\/noticias\/Mauro-Mendes-Cesar-Roveri-lideran\u00e7as-setor-produtivo-mar\u00e7o-2023-rep--800x556-100x70.jpg\" alt=\"\" src=\"data:image\/gif;base64,R0lGODlhAQABAAAAACH5BAEKAAEALAAAAAABAAEAAAICTAEAOw==\"><\/a>\n\n            <div class=\"post--info\">\n                <ul class=\"nav meta\">\n                   <!-- <li><a href=\"#\"><\/a><\/li> -->\n                    <li><a href=\"#\">10\/03\/2023<\/a><\/li>\n                <\/ul>\n\n                <div class=\"title\">\n                    <h3 class=\"h4\"><a href=\"\/post\/tolerancia-zero-governador-mauro-mendes-zema-eduardo-riedel-e-caiado-repudiam-invasoes\" class=\"btn-link title_box_2_lines\">Toler\u00e2ncia Zero: Governador Mauro Mendes, Zema, Eduardo Riedel e Caiado repudiam invas\u00f5es <\/a><\/h3>\n                <\/div>\n            <\/div>\n        <\/div>\n    <\/div>\n    <!-- Post Item End -->\n<\/li>\n<li>\n    <!-- Post Item Start -->\n    <div class=\"post--item post--layout-3\">\n        <div class=\"post--img\">\n            <a href=\"\/post\/contribuinte-de-varzea-grande-tem-20-de-desconto-no-iptu-para-pagamento-em-cota-unica\" class=\"thumb\">\n                <img class=\"lazy\" data-src=\"\/cache\/img\/noticias\/iptu-22-100x70.jpg\" alt=\"\" src=\"data:image\/gif;base64,R0lGODlhAQABAAAAACH5BAEKAAEALAAAAAABAAEAAAICTAEAOw==\"><\/a>\n\n            <div class=\"post--info\">\n                <ul class=\"nav meta\">\n                   <!-- <li><a href=\"#\"><\/a><\/li> -->\n                    <li><a href=\"#\">30\/03\/2022<\/a><\/li>\n                <\/ul>\n\n                <div class=\"title\">\n                    <h3 class=\"h4\"><a href=\"\/post\/contribuinte-de-varzea-grande-tem-20-de-desconto-no-iptu-para-pagamento-em-cota-unica\" class=\"btn-link title_box_2_lines\">Contribuinte de V\u00e1rzea Grande  tem 20% de desconto no IPTU para pagamento em cota \u00fanica<\/a><\/h3>\n                <\/div>\n            <\/div>\n        <\/div>\n    <\/div>\n    <!-- Post Item End -->\n<\/li>\n<li>\n    <!-- Post Item Start -->\n    <div class=\"post--item post--layout-3\">\n        <div class=\"post--img\">\n            <a href=\"\/post\/no-mato-grosso-mais-de-6-mil-empresas-ja-fecharam-durante-pandemia\" class=\"thumb\">\n                <img class=\"lazy\" data-src=\"\/cache\/img\/noticias\/junta comercial mt-100x70.jpg\" alt=\"\" src=\"data:image\/gif;base64,R0lGODlhAQABAAAAACH5BAEKAAEALAAAAAABAAEAAAICTAEAOw==\"><\/a>\n\n            <div class=\"post--info\">\n                <ul class=\"nav meta\">\n                   <!-- <li><a href=\"#\"><\/a><\/li> -->\n                    <li><a href=\"#\">23\/07\/2020<\/a><\/li>\n                <\/ul>\n\n                <div class=\"title\">\n                    <h3 class=\"h4\"><a href=\"\/post\/no-mato-grosso-mais-de-6-mil-empresas-ja-fecharam-durante-pandemia\" class=\"btn-link title_box_2_lines\">No Mato Grosso mais de 6 mil empresas ja fecharam durante pandemia <\/a><\/h3>\n                <\/div>\n            <\/div>\n        <\/div>\n    <\/div>\n    <!-- Post Item End -->\n<\/li>\n<li>\n    <!-- Post Item Start -->\n    <div class=\"post--item post--layout-3\">\n        <div class=\"post--img\">\n            <a href=\"\/post\/producao-de-graos-esta-estimada-em-315-8-milhoes-de-toneladas-oque-significa-estar-proximo-a-atingir-um-novo-recorde-diz-conab\" class=\"thumb\">\n                <img class=\"lazy\" data-src=\"\/cache\/img\/noticias\/1375.uol-100x70.jpg\" alt=\"\" src=\"data:image\/gif;base64,R0lGODlhAQABAAAAACH5BAEKAAEALAAAAAABAAEAAAICTAEAOw==\"><\/a>\n\n            <div class=\"post--info\">\n                <ul class=\"nav meta\">\n                   <!-- <li><a href=\"#\"><\/a><\/li> -->\n                    <li><a href=\"#\">13\/06\/2023<\/a><\/li>\n                <\/ul>\n\n                <div class=\"title\">\n                    <h3 class=\"h4\"><a href=\"\/post\/producao-de-graos-esta-estimada-em-315-8-milhoes-de-toneladas-oque-significa-estar-proximo-a-atingir-um-novo-recorde-diz-conab\" class=\"btn-link title_box_2_lines\">Produ\u00e7\u00e3o de gr\u00e3os est\u00e1 estimada em 315,8 milh\u00f5es de toneladas oque significa estar pr\u00f3ximo a atingir um novo recorde &quot;Diz Conab&quot;<\/a><\/h3>\n                <\/div>\n            <\/div>\n        <\/div>\n    <\/div>\n    <!-- Post Item End -->\n<\/li>\n","prev_page_url":"\/authors_posts?page=127","next_page_url":"\/authors_posts?page=129"}