{"data":"<li>\n    <!-- Post Item Start -->\n    <div class=\"post--item post--layout-3\">\n        <div class=\"post--img\">\n            <a href=\"\/post\/preco-da-soja-pode-chegar-a-us-6-60-por-bushel-alerta-daoud\" class=\"thumb\">\n                <img class=\"lazy\" data-src=\"\/cache\/img\/noticias\/img-blog-dolar-soja-100x70.jpg\" alt=\"\" src=\"data:image\/gif;base64,R0lGODlhAQABAAAAACH5BAEKAAEALAAAAAABAAEAAAICTAEAOw==\"><\/a>\n\n            <div class=\"post--info\">\n                <ul class=\"nav meta\">\n                   <!-- <li><a href=\"#\"><\/a><\/li> -->\n                    <li><a href=\"#\">10\/03\/2020<\/a><\/li>\n                <\/ul>\n\n                <div class=\"title\">\n                    <h3 class=\"h4\"><a href=\"\/post\/preco-da-soja-pode-chegar-a-us-6-60-por-bushel-alerta-daoud\" class=\"btn-link title_box_2_lines\">Pre\u00e7o da soja pode chegar a US$ 6,60 por bushel, alerta Daoud<\/a><\/h3>\n                <\/div>\n            <\/div>\n        <\/div>\n    <\/div>\n    <!-- Post Item End -->\n<\/li>\n<li>\n    <!-- Post Item Start -->\n    <div class=\"post--item post--layout-3\">\n        <div class=\"post--img\">\n            <a href=\"\/post\/no-mato-grosso-custo-da-soja-e-1-2-maior-e-preco-de-janeiro-nao-fechou-conta-diz-imea\" class=\"thumb\">\n                <img class=\"lazy\" data-src=\"\/cache\/img\/noticias\/soja ....-100x70.jpg\" alt=\"\" src=\"data:image\/gif;base64,R0lGODlhAQABAAAAACH5BAEKAAEALAAAAAABAAEAAAICTAEAOw==\"><\/a>\n\n            <div class=\"post--info\">\n                <ul class=\"nav meta\">\n                   <!-- <li><a href=\"#\"><\/a><\/li> -->\n                    <li><a href=\"#\">05\/03\/2024<\/a><\/li>\n                <\/ul>\n\n                <div class=\"title\">\n                    <h3 class=\"h4\"><a href=\"\/post\/no-mato-grosso-custo-da-soja-e-1-2-maior-e-preco-de-janeiro-nao-fechou-conta-diz-imea\" class=\"btn-link title_box_2_lines\">No Mato Grosso custo da soja \u00e9 1,2% maior e pre\u00e7o de janeiro n\u00e3o fechou conta, diz IMEA<\/a><\/h3>\n                <\/div>\n            <\/div>\n        <\/div>\n    <\/div>\n    <!-- Post Item End -->\n<\/li>\n<li>\n    <!-- Post Item Start -->\n    <div class=\"post--item post--layout-3\">\n        <div class=\"post--img\">\n            <a href=\"\/post\/precos-da-gasolina-e-do-diesel-tem-reducao-pela-petrobras-que-busca-o-equilibrio-dos-precos-da-companhia-aos-mercados-nacional-e-internacional\" class=\"thumb\">\n                <img class=\"lazy\" data-src=\"\/cache\/img\/noticias\/785.agbrasil-100x70.jpg\" alt=\"\" src=\"data:image\/gif;base64,R0lGODlhAQABAAAAACH5BAEKAAEALAAAAAABAAEAAAICTAEAOw==\"><\/a>\n\n            <div class=\"post--info\">\n                <ul class=\"nav meta\">\n                   <!-- <li><a href=\"#\"><\/a><\/li> -->\n                    <li><a href=\"#\">28\/02\/2023<\/a><\/li>\n                <\/ul>\n\n                <div class=\"title\">\n                    <h3 class=\"h4\"><a href=\"\/post\/precos-da-gasolina-e-do-diesel-tem-reducao-pela-petrobras-que-busca-o-equilibrio-dos-precos-da-companhia-aos-mercados-nacional-e-internacional\" class=\"btn-link title_box_2_lines\">Pre\u00e7os da gasolina e do diesel tem redu\u00e7\u00e3o pela Petrobras, que busca o equil\u00edbrio dos pre\u00e7os da companhia aos mercados nacional e internacional<\/a><\/h3>\n                <\/div>\n            <\/div>\n        <\/div>\n    <\/div>\n    <!-- Post Item End -->\n<\/li>\n<li>\n    <!-- Post Item Start -->\n    <div class=\"post--item post--layout-3\">\n        <div class=\"post--img\">\n            <a href=\"\/post\/coincidencia-ou-nao-13-foi-o-numero-de-flagrados-em-mt-por-tentativa-de-invasao-a-propriedade-por-considera-la-area-devoluta\" class=\"thumb\">\n                <img class=\"lazy\" data-src=\"\/cache\/img\/noticias\/1324.SecretariadeEstadodeSeguran\u00e7aP\u00fablicadeMatoGrosso-100x70.jpg\" alt=\"\" src=\"data:image\/gif;base64,R0lGODlhAQABAAAAACH5BAEKAAEALAAAAAABAAEAAAICTAEAOw==\"><\/a>\n\n            <div class=\"post--info\">\n                <ul class=\"nav meta\">\n                   <!-- <li><a href=\"#\"><\/a><\/li> -->\n                    <li><a href=\"#\">29\/05\/2023<\/a><\/li>\n                <\/ul>\n\n                <div class=\"title\">\n                    <h3 class=\"h4\"><a href=\"\/post\/coincidencia-ou-nao-13-foi-o-numero-de-flagrados-em-mt-por-tentativa-de-invasao-a-propriedade-por-considera-la-area-devoluta\" class=\"btn-link title_box_2_lines\">Coincid\u00eancia ou n\u00e3o, 13 foi o n\u00famero de flagrados em MT por tentativa de invas\u00e3o a propriedade por consider\u00e1-la \u00e1rea devoluta<\/a><\/h3>\n                <\/div>\n            <\/div>\n        <\/div>\n    <\/div>\n    <!-- Post Item End -->\n<\/li>\n","prev_page_url":"\/authors_posts?page=132","next_page_url":"\/authors_posts?page=134"}