{"data":"<li>\n    <!-- Post Item Start -->\n    <div class=\"post--item post--layout-3\">\n        <div class=\"post--img\">\n            <a href=\"\/post\/aumento-exportacoes-e-volume-de-negocios-em-lucas-do-rio-verde-chega-a-r-1-bilhao\" class=\"thumb\">\n                <img class=\"lazy\" data-src=\"\/cache\/img\/noticias\/agricu.soja-100x70.jpg\" alt=\"\" src=\"data:image\/gif;base64,R0lGODlhAQABAAAAACH5BAEKAAEALAAAAAABAAEAAAICTAEAOw==\"><\/a>\n\n            <div class=\"post--info\">\n                <ul class=\"nav meta\">\n                   <!-- <li><a href=\"#\"><\/a><\/li> -->\n                    <li><a href=\"#\">13\/04\/2023<\/a><\/li>\n                <\/ul>\n\n                <div class=\"title\">\n                    <h3 class=\"h4\"><a href=\"\/post\/aumento-exportacoes-e-volume-de-negocios-em-lucas-do-rio-verde-chega-a-r-1-bilhao\" class=\"btn-link title_box_2_lines\">Aumento: Exporta\u00e7\u00f5es e volume de neg\u00f3cios em Lucas do Rio Verde  chega a R$ 1 bilh\u00e3o<\/a><\/h3>\n                <\/div>\n            <\/div>\n        <\/div>\n    <\/div>\n    <!-- Post Item End -->\n<\/li>\n<li>\n    <!-- Post Item Start -->\n    <div class=\"post--item post--layout-3\">\n        <div class=\"post--img\">\n            <a href=\"\/post\/biotecnologia-e-aliada-dos-pecuaristas-para-maximizar-o-potencial-do-rebanho\" class=\"thumb\">\n                <img class=\"lazy\" data-src=\"\/cache\/img\/noticias\/WhatsApp Image 2023-03-23 at 09.50.45-100x70.jpeg\" alt=\"\" src=\"data:image\/gif;base64,R0lGODlhAQABAAAAACH5BAEKAAEALAAAAAABAAEAAAICTAEAOw==\"><\/a>\n\n            <div class=\"post--info\">\n                <ul class=\"nav meta\">\n                   <!-- <li><a href=\"#\"><\/a><\/li> -->\n                    <li><a href=\"#\">23\/03\/2023<\/a><\/li>\n                <\/ul>\n\n                <div class=\"title\">\n                    <h3 class=\"h4\"><a href=\"\/post\/biotecnologia-e-aliada-dos-pecuaristas-para-maximizar-o-potencial-do-rebanho\" class=\"btn-link title_box_2_lines\">Biotecnologia \u00e9 aliada dos pecuaristas para maximizar o potencial do rebanho<\/a><\/h3>\n                <\/div>\n            <\/div>\n        <\/div>\n    <\/div>\n    <!-- Post Item End -->\n<\/li>\n<li>\n    <!-- Post Item Start -->\n    <div class=\"post--item post--layout-3\">\n        <div class=\"post--img\">\n            <a href=\"\/post\/presidente-da-fecomercio-avalia-impactos-negativos-na-economia-de-mato-grosso-com-a-guerra-russia-e-ucrania\" class=\"thumb\">\n                <img class=\"lazy\" data-src=\"\/cache\/img\/noticias\/Jose\u0301-Wenceslau-presidente-Fecome\u0301rcio-outubro-2021-assessoria-990x556-100x70.jpg\" alt=\"\" src=\"data:image\/gif;base64,R0lGODlhAQABAAAAACH5BAEKAAEALAAAAAABAAEAAAICTAEAOw==\"><\/a>\n\n            <div class=\"post--info\">\n                <ul class=\"nav meta\">\n                   <!-- <li><a href=\"#\"><\/a><\/li> -->\n                    <li><a href=\"#\">07\/03\/2022<\/a><\/li>\n                <\/ul>\n\n                <div class=\"title\">\n                    <h3 class=\"h4\"><a href=\"\/post\/presidente-da-fecomercio-avalia-impactos-negativos-na-economia-de-mato-grosso-com-a-guerra-russia-e-ucrania\" class=\"btn-link title_box_2_lines\">Presidente da Fecom\u00e9rcio avalia impactos negativos na economia de Mato Grosso com a guerra R\u00fassia e Ucr\u00e2nia<\/a><\/h3>\n                <\/div>\n            <\/div>\n        <\/div>\n    <\/div>\n    <!-- Post Item End -->\n<\/li>\n<li>\n    <!-- Post Item Start -->\n    <div class=\"post--item post--layout-3\">\n        <div class=\"post--img\">\n            <a href=\"\/post\/acao-da-sema-impede-desmatamento-em-app-de-chapada-dos-guimaraes\" class=\"thumb\">\n                <img class=\"lazy\" data-src=\"\/cache\/img\/noticias\/Fiscaliza\u00e7\u00e3o Sema Chapada dos Guimar\u00e3es-100x70.jpg\" alt=\"\" src=\"data:image\/gif;base64,R0lGODlhAQABAAAAACH5BAEKAAEALAAAAAABAAEAAAICTAEAOw==\"><\/a>\n\n            <div class=\"post--info\">\n                <ul class=\"nav meta\">\n                   <!-- <li><a href=\"#\"><\/a><\/li> -->\n                    <li><a href=\"#\">06\/05\/2020<\/a><\/li>\n                <\/ul>\n\n                <div class=\"title\">\n                    <h3 class=\"h4\"><a href=\"\/post\/acao-da-sema-impede-desmatamento-em-app-de-chapada-dos-guimaraes\" class=\"btn-link title_box_2_lines\">A\u00e7\u00e3o da Sema impede desmatamento em APP de Chapada dos Guimar\u00e3es<\/a><\/h3>\n                <\/div>\n            <\/div>\n        <\/div>\n    <\/div>\n    <!-- Post Item End -->\n<\/li>\n","prev_page_url":"\/authors_posts?page=155","next_page_url":"\/authors_posts?page=157"}