{"data":"<li>\n    <!-- Post Item Start -->\n    <div class=\"post--item post--layout-3\">\n        <div class=\"post--img\">\n            <a href=\"\/post\/em-varzea-grande-o-prefeito-kalil-entregou-18-novos-leitos-de-uti-para-o-pronto-socorro-municipal\" class=\"thumb\">\n                <img class=\"lazy\" data-src=\"\/cache\/img\/noticias\/WhatsApp Image 2022-08-16 at 10.46.38-100x70.jpeg\" alt=\"\" src=\"data:image\/gif;base64,R0lGODlhAQABAAAAACH5BAEKAAEALAAAAAABAAEAAAICTAEAOw==\"><\/a>\n\n            <div class=\"post--info\">\n                <ul class=\"nav meta\">\n                   <!-- <li><a href=\"#\"><\/a><\/li> -->\n                    <li><a href=\"#\">16\/08\/2022<\/a><\/li>\n                <\/ul>\n\n                <div class=\"title\">\n                    <h3 class=\"h4\"><a href=\"\/post\/em-varzea-grande-o-prefeito-kalil-entregou-18-novos-leitos-de-uti-para-o-pronto-socorro-municipal\" class=\"btn-link title_box_2_lines\">Em V\u00e1rzea Grande o prefeito Kalil entregou 18 novos leitos de UTI para o Pronto Socorro Municipal <\/a><\/h3>\n                <\/div>\n            <\/div>\n        <\/div>\n    <\/div>\n    <!-- Post Item End -->\n<\/li>\n<li>\n    <!-- Post Item Start -->\n    <div class=\"post--item post--layout-3\">\n        <div class=\"post--img\">\n            <a href=\"\/post\/so-falo-sobre-reeleicao-no-prazo-estipulado-pela-justica-nao-adianta-insistir-disse-o-governador-mauro-mendes\" class=\"thumb\">\n                <img class=\"lazy\" data-src=\"\/cache\/img\/noticias\/mauro mendes .mt-100x70.jpg\" alt=\"\" src=\"data:image\/gif;base64,R0lGODlhAQABAAAAACH5BAEKAAEALAAAAAABAAEAAAICTAEAOw==\"><\/a>\n\n            <div class=\"post--info\">\n                <ul class=\"nav meta\">\n                   <!-- <li><a href=\"#\"><\/a><\/li> -->\n                    <li><a href=\"#\">23\/05\/2022<\/a><\/li>\n                <\/ul>\n\n                <div class=\"title\">\n                    <h3 class=\"h4\"><a href=\"\/post\/so-falo-sobre-reeleicao-no-prazo-estipulado-pela-justica-nao-adianta-insistir-disse-o-governador-mauro-mendes\" class=\"btn-link title_box_2_lines\">&quot;S\u00f3 falo sobre reelei\u00e7\u00e3o no prazo estipulado pela justi\u00e7a, n\u00e3o adianta insistir&quot; disse o governador Mauro Mendes <\/a><\/h3>\n                <\/div>\n            <\/div>\n        <\/div>\n    <\/div>\n    <!-- Post Item End -->\n<\/li>\n<li>\n    <!-- Post Item Start -->\n    <div class=\"post--item post--layout-3\">\n        <div class=\"post--img\">\n            <a href=\"\/post\/mercado-do-frango-segue-firme-mas-setor-esta-em-alerta-com-casos-de-iaap-em-aves-silvestres\" class=\"thumb\">\n                <img class=\"lazy\" data-src=\"\/cache\/img\/noticias\/1287.dclogisticsbrasil-100x70.jpg\" alt=\"\" src=\"data:image\/gif;base64,R0lGODlhAQABAAAAACH5BAEKAAEALAAAAAABAAEAAAICTAEAOw==\"><\/a>\n\n            <div class=\"post--info\">\n                <ul class=\"nav meta\">\n                   <!-- <li><a href=\"#\"><\/a><\/li> -->\n                    <li><a href=\"#\">19\/05\/2023<\/a><\/li>\n                <\/ul>\n\n                <div class=\"title\">\n                    <h3 class=\"h4\"><a href=\"\/post\/mercado-do-frango-segue-firme-mas-setor-esta-em-alerta-com-casos-de-iaap-em-aves-silvestres\" class=\"btn-link title_box_2_lines\">Mercado do frango segue firme, mas setor est\u00e1 em alerta com casos de IAAP em aves silvestres<\/a><\/h3>\n                <\/div>\n            <\/div>\n        <\/div>\n    <\/div>\n    <!-- Post Item End -->\n<\/li>\n<li>\n    <!-- Post Item Start -->\n    <div class=\"post--item post--layout-3\">\n        <div class=\"post--img\">\n            <a href=\"\/post\/bovinos-e-bubalinos-com-ate-24-meses-de-idade-participam-da-segunda-etapa-de-vacinacao-contra-febre-aftosa\" class=\"thumb\">\n                <img class=\"lazy\" data-src=\"\/cache\/img\/noticias\/1872.youtube-100x70.jpg\" alt=\"\" src=\"data:image\/gif;base64,R0lGODlhAQABAAAAACH5BAEKAAEALAAAAAABAAEAAAICTAEAOw==\"><\/a>\n\n            <div class=\"post--info\">\n                <ul class=\"nav meta\">\n                   <!-- <li><a href=\"#\"><\/a><\/li> -->\n                    <li><a href=\"#\">08\/11\/2023<\/a><\/li>\n                <\/ul>\n\n                <div class=\"title\">\n                    <h3 class=\"h4\"><a href=\"\/post\/bovinos-e-bubalinos-com-ate-24-meses-de-idade-participam-da-segunda-etapa-de-vacinacao-contra-febre-aftosa\" class=\"btn-link title_box_2_lines\">Bovinos e bubalinos com at\u00e9 24 meses de idade participam da segunda etapa de vacina\u00e7\u00e3o contra febre aftosa<\/a><\/h3>\n                <\/div>\n            <\/div>\n        <\/div>\n    <\/div>\n    <!-- Post Item End -->\n<\/li>\n","prev_page_url":"\/authors_posts?page=181","next_page_url":"\/authors_posts?page=183"}