{"data":"<li>\n    <!-- Post Item Start -->\n    <div class=\"post--item post--layout-3\">\n        <div class=\"post--img\">\n            <a href=\"\/post\/duplas-disputam-titulo-do-circuito-mato-grosso-de-volei-de-praia-a-partir-de-sexta-feira-28\" class=\"thumb\">\n                <img class=\"lazy\" data-src=\"\/cache\/img\/noticias\/00.mtgov-100x70.jpeg\" alt=\"\" src=\"data:image\/gif;base64,R0lGODlhAQABAAAAACH5BAEKAAEALAAAAAABAAEAAAICTAEAOw==\"><\/a>\n\n            <div class=\"post--info\">\n                <ul class=\"nav meta\">\n                   <!-- <li><a href=\"#\"><\/a><\/li> -->\n                    <li><a href=\"#\">28\/07\/2023<\/a><\/li>\n                <\/ul>\n\n                <div class=\"title\">\n                    <h3 class=\"h4\"><a href=\"\/post\/duplas-disputam-titulo-do-circuito-mato-grosso-de-volei-de-praia-a-partir-de-sexta-feira-28\" class=\"btn-link title_box_2_lines\">Duplas disputam t\u00edtulo do Circuito Mato Grosso de V\u00f4lei de Praia a partir de sexta-feira (28)<\/a><\/h3>\n                <\/div>\n            <\/div>\n        <\/div>\n    <\/div>\n    <!-- Post Item End -->\n<\/li>\n<li>\n    <!-- Post Item Start -->\n    <div class=\"post--item post--layout-3\">\n        <div class=\"post--img\">\n            <a href=\"\/post\/a-cotacao-para-boi-vaca-e-novilha-gordos-encerrou-a-semana-estavel\" class=\"thumb\">\n                <img class=\"lazy\" data-src=\"\/cache\/img\/noticias\/371 sitio pema-100x70.jpg\" alt=\"\" src=\"data:image\/gif;base64,R0lGODlhAQABAAAAACH5BAEKAAEALAAAAAABAAEAAAICTAEAOw==\"><\/a>\n\n            <div class=\"post--info\">\n                <ul class=\"nav meta\">\n                   <!-- <li><a href=\"#\"><\/a><\/li> -->\n                    <li><a href=\"#\">16\/01\/2023<\/a><\/li>\n                <\/ul>\n\n                <div class=\"title\">\n                    <h3 class=\"h4\"><a href=\"\/post\/a-cotacao-para-boi-vaca-e-novilha-gordos-encerrou-a-semana-estavel\" class=\"btn-link title_box_2_lines\">A cota\u00e7\u00e3o para boi, vaca e novilha gordos encerrou a semana est\u00e1vel<\/a><\/h3>\n                <\/div>\n            <\/div>\n        <\/div>\n    <\/div>\n    <!-- Post Item End -->\n<\/li>\n<li>\n    <!-- Post Item Start -->\n    <div class=\"post--item post--layout-3\">\n        <div class=\"post--img\">\n            <a href=\"\/post\/secretaria-de-assistencia-social-destaca-que-programas-como-o-ser-familia-pode-mudar-a-vida-de-inumeras-pessoas\" class=\"thumb\">\n                <img class=\"lazy\" data-src=\"\/cache\/img\/noticias\/799.govmt-100x70.png\" alt=\"\" src=\"data:image\/gif;base64,R0lGODlhAQABAAAAACH5BAEKAAEALAAAAAABAAEAAAICTAEAOw==\"><\/a>\n\n            <div class=\"post--info\">\n                <ul class=\"nav meta\">\n                   <!-- <li><a href=\"#\"><\/a><\/li> -->\n                    <li><a href=\"#\">02\/02\/2023<\/a><\/li>\n                <\/ul>\n\n                <div class=\"title\">\n                    <h3 class=\"h4\"><a href=\"\/post\/secretaria-de-assistencia-social-destaca-que-programas-como-o-ser-familia-pode-mudar-a-vida-de-inumeras-pessoas\" class=\"btn-link title_box_2_lines\">Secret\u00e1ria de Assist\u00eancia Social destaca que programas como o Ser Fam\u00edlia pode mudar a vida de in\u00fameras pessoas<\/a><\/h3>\n                <\/div>\n            <\/div>\n        <\/div>\n    <\/div>\n    <!-- Post Item End -->\n<\/li>\n<li>\n    <!-- Post Item Start -->\n    <div class=\"post--item post--layout-3\">\n        <div class=\"post--img\">\n            <a href=\"\/post\/plantio-de-mudas-no-centro-oeste-em-comemoracao-ao-dia-da-arvore-tem-apoio-da-cerradinho-bioenergia\" class=\"thumb\">\n                <img class=\"lazy\" data-src=\"\/cache\/img\/noticias\/1755.g1-100x70.jpeg\" alt=\"\" src=\"data:image\/gif;base64,R0lGODlhAQABAAAAACH5BAEKAAEALAAAAAABAAEAAAICTAEAOw==\"><\/a>\n\n            <div class=\"post--info\">\n                <ul class=\"nav meta\">\n                   <!-- <li><a href=\"#\"><\/a><\/li> -->\n                    <li><a href=\"#\">02\/10\/2023<\/a><\/li>\n                <\/ul>\n\n                <div class=\"title\">\n                    <h3 class=\"h4\"><a href=\"\/post\/plantio-de-mudas-no-centro-oeste-em-comemoracao-ao-dia-da-arvore-tem-apoio-da-cerradinho-bioenergia\" class=\"btn-link title_box_2_lines\">Plantio de mudas no Centro-Oeste em comemora\u00e7\u00e3o ao Dia da \u00c1rvore tem apoio da Cerradinho Bioenergia<\/a><\/h3>\n                <\/div>\n            <\/div>\n        <\/div>\n    <\/div>\n    <!-- Post Item End -->\n<\/li>\n","prev_page_url":"\/authors_posts?page=196","next_page_url":"\/authors_posts?page=198"}