{"data":"<li>\n    <!-- Post Item Start -->\n    <div class=\"post--item post--layout-3\">\n        <div class=\"post--img\">\n            <a href=\"\/post\/mato-grosso-alcanca-quase-85-da-area-e-caminha-para-a-reta-final-do-plantio\" class=\"thumb\">\n                <img class=\"lazy\" data-src=\"\/cache\/img\/noticias\/226 forbes-100x70.jpeg\" alt=\"\" src=\"data:image\/gif;base64,R0lGODlhAQABAAAAACH5BAEKAAEALAAAAAABAAEAAAICTAEAOw==\"><\/a>\n\n            <div class=\"post--info\">\n                <ul class=\"nav meta\">\n                   <!-- <li><a href=\"#\"><\/a><\/li> -->\n                    <li><a href=\"#\">31\/10\/2022<\/a><\/li>\n                <\/ul>\n\n                <div class=\"title\">\n                    <h3 class=\"h4\"><a href=\"\/post\/mato-grosso-alcanca-quase-85-da-area-e-caminha-para-a-reta-final-do-plantio\" class=\"btn-link title_box_2_lines\">Mato Grosso alcan\u00e7a quase 85% da \u00e1rea e caminha para a reta final do plantio<\/a><\/h3>\n                <\/div>\n            <\/div>\n        <\/div>\n    <\/div>\n    <!-- Post Item End -->\n<\/li>\n<li>\n    <!-- Post Item Start -->\n    <div class=\"post--item post--layout-3\">\n        <div class=\"post--img\">\n            <a href=\"\/post\/programa-de-alfabetizacao-estadual-em-sinop-teve-um-grande-crescimento-no-numero-de-alunos-atendidos\" class=\"thumb\">\n                <img class=\"lazy\" data-src=\"\/cache\/img\/noticias\/1441.prefsinop-100x70.jpg\" alt=\"\" src=\"data:image\/gif;base64,R0lGODlhAQABAAAAACH5BAEKAAEALAAAAAABAAEAAAICTAEAOw==\"><\/a>\n\n            <div class=\"post--info\">\n                <ul class=\"nav meta\">\n                   <!-- <li><a href=\"#\"><\/a><\/li> -->\n                    <li><a href=\"#\">29\/06\/2023<\/a><\/li>\n                <\/ul>\n\n                <div class=\"title\">\n                    <h3 class=\"h4\"><a href=\"\/post\/programa-de-alfabetizacao-estadual-em-sinop-teve-um-grande-crescimento-no-numero-de-alunos-atendidos\" class=\"btn-link title_box_2_lines\">Programa de alfabetiza\u00e7\u00e3o estadual em Sinop, teve um grande crescimento no numero de alunos atendidos<\/a><\/h3>\n                <\/div>\n            <\/div>\n        <\/div>\n    <\/div>\n    <!-- Post Item End -->\n<\/li>\n<li>\n    <!-- Post Item Start -->\n    <div class=\"post--item post--layout-3\">\n        <div class=\"post--img\">\n            <a href=\"\/post\/cotacao-do-boi-gordo-tem-queda-de-precos-em-alguns-estados\" class=\"thumb\">\n                <img class=\"lazy\" data-src=\"\/cache\/img\/noticias\/1508.revistaprocampo-100x70.jpg\" alt=\"\" src=\"data:image\/gif;base64,R0lGODlhAQABAAAAACH5BAEKAAEALAAAAAABAAEAAAICTAEAOw==\"><\/a>\n\n            <div class=\"post--info\">\n                <ul class=\"nav meta\">\n                   <!-- <li><a href=\"#\"><\/a><\/li> -->\n                    <li><a href=\"#\">18\/07\/2023<\/a><\/li>\n                <\/ul>\n\n                <div class=\"title\">\n                    <h3 class=\"h4\"><a href=\"\/post\/cotacao-do-boi-gordo-tem-queda-de-precos-em-alguns-estados\" class=\"btn-link title_box_2_lines\">Cota\u00e7\u00e3o do boi gordo tem queda de pre\u00e7os em alguns estados<\/a><\/h3>\n                <\/div>\n            <\/div>\n        <\/div>\n    <\/div>\n    <!-- Post Item End -->\n<\/li>\n<li>\n    <!-- Post Item Start -->\n    <div class=\"post--item post--layout-3\">\n        <div class=\"post--img\">\n            <a href=\"\/post\/secretaria-de-fazenda-estadual-reduz-prazo-para-liberar-inscricao-estadual-de-pequenos-produtores-em-mt\" class=\"thumb\">\n                <img class=\"lazy\" data-src=\"\/cache\/img\/noticias\/sefaz-mt-1024x683-100x70.jpg\" alt=\"\" src=\"data:image\/gif;base64,R0lGODlhAQABAAAAACH5BAEKAAEALAAAAAABAAEAAAICTAEAOw==\"><\/a>\n\n            <div class=\"post--info\">\n                <ul class=\"nav meta\">\n                   <!-- <li><a href=\"#\"><\/a><\/li> -->\n                    <li><a href=\"#\">27\/02\/2024<\/a><\/li>\n                <\/ul>\n\n                <div class=\"title\">\n                    <h3 class=\"h4\"><a href=\"\/post\/secretaria-de-fazenda-estadual-reduz-prazo-para-liberar-inscricao-estadual-de-pequenos-produtores-em-mt\" class=\"btn-link title_box_2_lines\">Secretaria de Fazenda Estadual  reduz prazo para liberar inscri\u00e7\u00e3o estadual de pequenos produtores em MT<\/a><\/h3>\n                <\/div>\n            <\/div>\n        <\/div>\n    <\/div>\n    <!-- Post Item End -->\n<\/li>\n","prev_page_url":"\/authors_posts?page=219","next_page_url":"\/authors_posts?page=221"}