{"data":"<li>\n    <!-- Post Item Start -->\n    <div class=\"post--item post--layout-3\">\n        <div class=\"post--img\">\n            <a href=\"\/post\/questoes-de-prova-do-enem-anti-agro-devem-ser-anuladas-por-nao-terem-base-cientifica\" class=\"thumb\">\n                <img class=\"lazy\" data-src=\"\/cache\/img\/noticias\/1868.corrbrasiliense-100x70.jpg\" alt=\"\" src=\"data:image\/gif;base64,R0lGODlhAQABAAAAACH5BAEKAAEALAAAAAABAAEAAAICTAEAOw==\"><\/a>\n\n            <div class=\"post--info\">\n                <ul class=\"nav meta\">\n                   <!-- <li><a href=\"#\"><\/a><\/li> -->\n                    <li><a href=\"#\">07\/11\/2023<\/a><\/li>\n                <\/ul>\n\n                <div class=\"title\">\n                    <h3 class=\"h4\"><a href=\"\/post\/questoes-de-prova-do-enem-anti-agro-devem-ser-anuladas-por-nao-terem-base-cientifica\" class=\"btn-link title_box_2_lines\">Quest\u00f5es de prova do ENEM anti-agro devem ser anuladas por n\u00e3o terem base cientifica <\/a><\/h3>\n                <\/div>\n            <\/div>\n        <\/div>\n    <\/div>\n    <!-- Post Item End -->\n<\/li>\n<li>\n    <!-- Post Item Start -->\n    <div class=\"post--item post--layout-3\">\n        <div class=\"post--img\">\n            <a href=\"\/post\/faesp-reforca-a-importancia-do-homem-do-campo-para-a-seguranca-alimentar-no-dia-do-agricultor\" class=\"thumb\">\n                <img class=\"lazy\" data-src=\"\/cache\/img\/noticias\/1545.prefmunmandagua\u00e7u-100x70.jpeg\" alt=\"\" src=\"data:image\/gif;base64,R0lGODlhAQABAAAAACH5BAEKAAEALAAAAAABAAEAAAICTAEAOw==\"><\/a>\n\n            <div class=\"post--info\">\n                <ul class=\"nav meta\">\n                   <!-- <li><a href=\"#\"><\/a><\/li> -->\n                    <li><a href=\"#\">27\/07\/2023<\/a><\/li>\n                <\/ul>\n\n                <div class=\"title\">\n                    <h3 class=\"h4\"><a href=\"\/post\/faesp-reforca-a-importancia-do-homem-do-campo-para-a-seguranca-alimentar-no-dia-do-agricultor\" class=\"btn-link title_box_2_lines\">FAESP refor\u00e7a a import\u00e2ncia do homem do campo para a seguran\u00e7a alimentar no &quot;Dia do Agricultor&quot;<\/a><\/h3>\n                <\/div>\n            <\/div>\n        <\/div>\n    <\/div>\n    <!-- Post Item End -->\n<\/li>\n<li>\n    <!-- Post Item Start -->\n    <div class=\"post--item post--layout-3\">\n        <div class=\"post--img\">\n            <a href=\"\/post\/prefeitura-em-nova-mutum-deve-contratar-empresa-para-fazer-exames-laboratoriais-pelo-sus\" class=\"thumb\">\n                <img class=\"lazy\" data-src=\"\/cache\/img\/noticias\/Labora-990x556-100x70.jpg\" alt=\"\" src=\"data:image\/gif;base64,R0lGODlhAQABAAAAACH5BAEKAAEALAAAAAABAAEAAAICTAEAOw==\"><\/a>\n\n            <div class=\"post--info\">\n                <ul class=\"nav meta\">\n                   <!-- <li><a href=\"#\"><\/a><\/li> -->\n                    <li><a href=\"#\">27\/09\/2022<\/a><\/li>\n                <\/ul>\n\n                <div class=\"title\">\n                    <h3 class=\"h4\"><a href=\"\/post\/prefeitura-em-nova-mutum-deve-contratar-empresa-para-fazer-exames-laboratoriais-pelo-sus\" class=\"btn-link title_box_2_lines\">Prefeitura em Nova Mutum deve contratar empresa para fazer exames laboratoriais pelo SUS<\/a><\/h3>\n                <\/div>\n            <\/div>\n        <\/div>\n    <\/div>\n    <!-- Post Item End -->\n<\/li>\n<li>\n    <!-- Post Item Start -->\n    <div class=\"post--item post--layout-3\">\n        <div class=\"post--img\">\n            <a href=\"\/post\/identificados-8-mortos-no-acidente-entre-onibus-e-carreta-na-163-entre-sorriso-sinop\" class=\"thumb\">\n                <img class=\"lazy\" data-src=\"\/cache\/img\/noticias\/Ae\u0301rea-acidente-o\u0302nibus-e-carreta-11-mortos-Sorriso-maio-2022-assessoria-990x556-100x70.jpg\" alt=\"\" src=\"data:image\/gif;base64,R0lGODlhAQABAAAAACH5BAEKAAEALAAAAAABAAEAAAICTAEAOw==\"><\/a>\n\n            <div class=\"post--info\">\n                <ul class=\"nav meta\">\n                   <!-- <li><a href=\"#\"><\/a><\/li> -->\n                    <li><a href=\"#\">18\/05\/2022<\/a><\/li>\n                <\/ul>\n\n                <div class=\"title\">\n                    <h3 class=\"h4\"><a href=\"\/post\/identificados-8-mortos-no-acidente-entre-onibus-e-carreta-na-163-entre-sorriso-sinop\" class=\"btn-link title_box_2_lines\">Identificados 8 mortos no acidente entre \u00f4nibus e carreta na 163 entre Sorriso-Sinop<\/a><\/h3>\n                <\/div>\n            <\/div>\n        <\/div>\n    <\/div>\n    <!-- Post Item End -->\n<\/li>\n","prev_page_url":"\/authors_posts?page=224","next_page_url":"\/authors_posts?page=226"}