{"data":"<li>\n    <!-- Post Item Start -->\n    <div class=\"post--item post--layout-3\">\n        <div class=\"post--img\">\n            <a href=\"\/post\/em-um-pais-sem-avanco-queda-na-economia-favaro-ainda-defende-o-governo-e-rebate-cna\" class=\"thumb\">\n                <img class=\"lazy\" data-src=\"\/cache\/img\/noticias\/carlosfavero-100x70.jpg\" alt=\"\" src=\"data:image\/gif;base64,R0lGODlhAQABAAAAACH5BAEKAAEALAAAAAABAAEAAAICTAEAOw==\"><\/a>\n\n            <div class=\"post--info\">\n                <ul class=\"nav meta\">\n                   <!-- <li><a href=\"#\"><\/a><\/li> -->\n                    <li><a href=\"#\">17\/07\/2025<\/a><\/li>\n                <\/ul>\n\n                <div class=\"title\">\n                    <h3 class=\"h4\"><a href=\"\/post\/em-um-pais-sem-avanco-queda-na-economia-favaro-ainda-defende-o-governo-e-rebate-cna\" class=\"btn-link title_box_2_lines\">Em um pa\u00eds sem avan\u00e7o, queda na economia Favaro ainda defende o governo e rebate CNA<\/a><\/h3>\n                <\/div>\n            <\/div>\n        <\/div>\n    <\/div>\n    <!-- Post Item End -->\n<\/li>\n<li>\n    <!-- Post Item Start -->\n    <div class=\"post--item post--layout-3\">\n        <div class=\"post--img\">\n            <a href=\"\/post\/prefeito-de-sinop-confirma-retomada-do-programa-arranca-safra\" class=\"thumb\">\n                <img class=\"lazy\" data-src=\"\/cache\/img\/noticias\/sinop.sonoticias-100x70.jpg\" alt=\"\" src=\"data:image\/gif;base64,R0lGODlhAQABAAAAACH5BAEKAAEALAAAAAABAAEAAAICTAEAOw==\"><\/a>\n\n            <div class=\"post--info\">\n                <ul class=\"nav meta\">\n                   <!-- <li><a href=\"#\"><\/a><\/li> -->\n                    <li><a href=\"#\">28\/05\/2024<\/a><\/li>\n                <\/ul>\n\n                <div class=\"title\">\n                    <h3 class=\"h4\"><a href=\"\/post\/prefeito-de-sinop-confirma-retomada-do-programa-arranca-safra\" class=\"btn-link title_box_2_lines\">Prefeito de Sinop confirma retomada do programa Arranca Safra<\/a><\/h3>\n                <\/div>\n            <\/div>\n        <\/div>\n    <\/div>\n    <!-- Post Item End -->\n<\/li>\n<li>\n    <!-- Post Item Start -->\n    <div class=\"post--item post--layout-3\">\n        <div class=\"post--img\">\n            <a href=\"\/post\/credito-extraordinario-de-r-200-milhoes-e-liberado-para-combate-a-gripe-aviaria-silvestre\" class=\"thumb\">\n                <img class=\"lazy\" data-src=\"\/cache\/img\/noticias\/99999.fg-100x70.jpeg\" alt=\"\" src=\"data:image\/gif;base64,R0lGODlhAQABAAAAACH5BAEKAAEALAAAAAABAAEAAAICTAEAOw==\"><\/a>\n\n            <div class=\"post--info\">\n                <ul class=\"nav meta\">\n                   <!-- <li><a href=\"#\"><\/a><\/li> -->\n                    <li><a href=\"#\">17\/10\/2023<\/a><\/li>\n                <\/ul>\n\n                <div class=\"title\">\n                    <h3 class=\"h4\"><a href=\"\/post\/credito-extraordinario-de-r-200-milhoes-e-liberado-para-combate-a-gripe-aviaria-silvestre\" class=\"btn-link title_box_2_lines\">Cr\u00e9dito extraordin\u00e1rio de R$ 200 milh\u00f5es \u00e9 liberado para combate \u00e0 gripe avi\u00e1ria silvestre<\/a><\/h3>\n                <\/div>\n            <\/div>\n        <\/div>\n    <\/div>\n    <!-- Post Item End -->\n<\/li>\n<li>\n    <!-- Post Item Start -->\n    <div class=\"post--item post--layout-3\">\n        <div class=\"post--img\">\n            <a href=\"\/post\/dia-da-mulher-primeira-dama-de-varzea-grande-kika-dorileo-baracat-e-demais-personalidades-sao-homenageadas-na-almt\" class=\"thumb\">\n                <img class=\"lazy\" data-src=\"\/cache\/img\/noticias\/homenagens-100x70.jpg\" alt=\"\" src=\"data:image\/gif;base64,R0lGODlhAQABAAAAACH5BAEKAAEALAAAAAABAAEAAAICTAEAOw==\"><\/a>\n\n            <div class=\"post--info\">\n                <ul class=\"nav meta\">\n                   <!-- <li><a href=\"#\"><\/a><\/li> -->\n                    <li><a href=\"#\">08\/03\/2022<\/a><\/li>\n                <\/ul>\n\n                <div class=\"title\">\n                    <h3 class=\"h4\"><a href=\"\/post\/dia-da-mulher-primeira-dama-de-varzea-grande-kika-dorileo-baracat-e-demais-personalidades-sao-homenageadas-na-almt\" class=\"btn-link title_box_2_lines\">Dia da Mulher: Primeira-dama de V\u00e1rzea Grande Kika Doril\u00eao Baracat e demais personalidades s\u00e3o homenageadas na ALMT<\/a><\/h3>\n                <\/div>\n            <\/div>\n        <\/div>\n    <\/div>\n    <!-- Post Item End -->\n<\/li>\n","prev_page_url":"\/authors_posts?page=241","next_page_url":"\/authors_posts?page=243"}