{"data":"<li>\n    <!-- Post Item Start -->\n    <div class=\"post--item post--layout-3\">\n        <div class=\"post--img\">\n            <a href=\"\/post\/principal-aeroporto-em-mato-grosso-deve-receber-investimentos-de-r-350-milhoes-disse-kalil-baracat\" class=\"thumb\">\n                <img class=\"lazy\" data-src=\"\/cache\/img\/noticias\/WhatsApp Image 2022-10-19 at 15.50.31-100x70.jpeg\" alt=\"\" src=\"data:image\/gif;base64,R0lGODlhAQABAAAAACH5BAEKAAEALAAAAAABAAEAAAICTAEAOw==\"><\/a>\n\n            <div class=\"post--info\">\n                <ul class=\"nav meta\">\n                   <!-- <li><a href=\"#\"><\/a><\/li> -->\n                    <li><a href=\"#\">21\/10\/2022<\/a><\/li>\n                <\/ul>\n\n                <div class=\"title\">\n                    <h3 class=\"h4\"><a href=\"\/post\/principal-aeroporto-em-mato-grosso-deve-receber-investimentos-de-r-350-milhoes-disse-kalil-baracat\" class=\"btn-link title_box_2_lines\">Principal aeroporto em Mato Grosso deve receber investimentos de R$ 350 milh\u00f5es, disse Kalil Baracat<\/a><\/h3>\n                <\/div>\n            <\/div>\n        <\/div>\n    <\/div>\n    <!-- Post Item End -->\n<\/li>\n<li>\n    <!-- Post Item Start -->\n    <div class=\"post--item post--layout-3\">\n        <div class=\"post--img\">\n            <a href=\"\/post\/confiram-as-vagas-de-emprego-disponiveis-na-casa-do-trabalhador-em-aquidauana\" class=\"thumb\">\n                <img class=\"lazy\" data-src=\"\/cache\/img\/noticias\/funsat.fachada-100x70.jpg\" alt=\"\" src=\"data:image\/gif;base64,R0lGODlhAQABAAAAACH5BAEKAAEALAAAAAABAAEAAAICTAEAOw==\"><\/a>\n\n            <div class=\"post--info\">\n                <ul class=\"nav meta\">\n                   <!-- <li><a href=\"#\"><\/a><\/li> -->\n                    <li><a href=\"#\">24\/02\/2025<\/a><\/li>\n                <\/ul>\n\n                <div class=\"title\">\n                    <h3 class=\"h4\"><a href=\"\/post\/confiram-as-vagas-de-emprego-disponiveis-na-casa-do-trabalhador-em-aquidauana\" class=\"btn-link title_box_2_lines\">Confiram as vagas de emprego dispon\u00edveis na Casa do Trabalhador em Aquidauana <\/a><\/h3>\n                <\/div>\n            <\/div>\n        <\/div>\n    <\/div>\n    <!-- Post Item End -->\n<\/li>\n<li>\n    <!-- Post Item Start -->\n    <div class=\"post--item post--layout-3\">\n        <div class=\"post--img\">\n            <a href=\"\/post\/varzea-grande-prefeitura-governo-senado-e-assembleia-se-unem-para-fortalecer-seguranca-publica\" class=\"thumb\">\n                <img class=\"lazy\" data-src=\"\/cache\/img\/noticias\/WhatsApp Image 2024-01-17 at 14.26.51-100x70.jpeg\" alt=\"\" src=\"data:image\/gif;base64,R0lGODlhAQABAAAAACH5BAEKAAEALAAAAAABAAEAAAICTAEAOw==\"><\/a>\n\n            <div class=\"post--info\">\n                <ul class=\"nav meta\">\n                   <!-- <li><a href=\"#\"><\/a><\/li> -->\n                    <li><a href=\"#\">17\/01\/2024<\/a><\/li>\n                <\/ul>\n\n                <div class=\"title\">\n                    <h3 class=\"h4\"><a href=\"\/post\/varzea-grande-prefeitura-governo-senado-e-assembleia-se-unem-para-fortalecer-seguranca-publica\" class=\"btn-link title_box_2_lines\">V\u00e1rzea Grande: Prefeitura, Governo, Senado e Assembleia se unem para fortalecer seguran\u00e7a publica <\/a><\/h3>\n                <\/div>\n            <\/div>\n        <\/div>\n    <\/div>\n    <!-- Post Item End -->\n<\/li>\n<li>\n    <!-- Post Item Start -->\n    <div class=\"post--item post--layout-3\">\n        <div class=\"post--img\">\n            <a href=\"\/post\/fiemt-preve-que-ferrovia-rondonopolis-cuiaba-nova-mutum-lucas-do-rio-verde-trara-tambem-mais-empresas\" class=\"thumb\">\n                <img class=\"lazy\" data-src=\"\/cache\/img\/noticias\/ferrovias-100x70.jpeg\" alt=\"\" src=\"data:image\/gif;base64,R0lGODlhAQABAAAAACH5BAEKAAEALAAAAAABAAEAAAICTAEAOw==\"><\/a>\n\n            <div class=\"post--info\">\n                <ul class=\"nav meta\">\n                   <!-- <li><a href=\"#\"><\/a><\/li> -->\n                    <li><a href=\"#\">16\/05\/2022<\/a><\/li>\n                <\/ul>\n\n                <div class=\"title\">\n                    <h3 class=\"h4\"><a href=\"\/post\/fiemt-preve-que-ferrovia-rondonopolis-cuiaba-nova-mutum-lucas-do-rio-verde-trara-tambem-mais-empresas\" class=\"btn-link title_box_2_lines\">Fiemt prev\u00ea que ferrovia Rondon\u00f3polis-Cuiab\u00e1-Nova Mutum-Lucas do Rio Verde \u2018trar\u00e1\u2019 tamb\u00e9m mais empresas<\/a><\/h3>\n                <\/div>\n            <\/div>\n        <\/div>\n    <\/div>\n    <!-- Post Item End -->\n<\/li>\n","prev_page_url":"\/authors_posts?page=270","next_page_url":"\/authors_posts?page=272"}