{"data":"<li>\n    <!-- Post Item Start -->\n    <div class=\"post--item post--layout-3\">\n        <div class=\"post--img\">\n            <a href=\"\/post\/grupo-petropolis-podera-demitir-quase-200-funcionarios-em-sete-cidades-de-mt\" class=\"thumb\">\n                <img class=\"lazy\" data-src=\"\/cache\/img\/noticias\/Fabrica-GP-Rondonopolis-MT-(1)(1) - Copia-100x70.jpg\" alt=\"\" src=\"data:image\/gif;base64,R0lGODlhAQABAAAAACH5BAEKAAEALAAAAAABAAEAAAICTAEAOw==\"><\/a>\n\n            <div class=\"post--info\">\n                <ul class=\"nav meta\">\n                   <!-- <li><a href=\"#\"><\/a><\/li> -->\n                    <li><a href=\"#\">22\/06\/2020<\/a><\/li>\n                <\/ul>\n\n                <div class=\"title\">\n                    <h3 class=\"h4\"><a href=\"\/post\/grupo-petropolis-podera-demitir-quase-200-funcionarios-em-sete-cidades-de-mt\" class=\"btn-link title_box_2_lines\">Grupo Petr\u00f3polis poder\u00e1 demitir quase 200 funcion\u00e1rios em sete cidades de MT<\/a><\/h3>\n                <\/div>\n            <\/div>\n        <\/div>\n    <\/div>\n    <!-- Post Item End -->\n<\/li>\n<li>\n    <!-- Post Item Start -->\n    <div class=\"post--item post--layout-3\">\n        <div class=\"post--img\">\n            <a href=\"\/post\/fiemt-preve-que-ferrovia-rondonopolis-cuiaba-nova-mutum-lucas-do-rio-verde-trara-tambem-mais-empresas\" class=\"thumb\">\n                <img class=\"lazy\" data-src=\"\/cache\/img\/noticias\/ferrovias-100x70.jpeg\" alt=\"\" src=\"data:image\/gif;base64,R0lGODlhAQABAAAAACH5BAEKAAEALAAAAAABAAEAAAICTAEAOw==\"><\/a>\n\n            <div class=\"post--info\">\n                <ul class=\"nav meta\">\n                   <!-- <li><a href=\"#\"><\/a><\/li> -->\n                    <li><a href=\"#\">16\/05\/2022<\/a><\/li>\n                <\/ul>\n\n                <div class=\"title\">\n                    <h3 class=\"h4\"><a href=\"\/post\/fiemt-preve-que-ferrovia-rondonopolis-cuiaba-nova-mutum-lucas-do-rio-verde-trara-tambem-mais-empresas\" class=\"btn-link title_box_2_lines\">Fiemt prev\u00ea que ferrovia Rondon\u00f3polis-Cuiab\u00e1-Nova Mutum-Lucas do Rio Verde \u2018trar\u00e1\u2019 tamb\u00e9m mais empresas<\/a><\/h3>\n                <\/div>\n            <\/div>\n        <\/div>\n    <\/div>\n    <!-- Post Item End -->\n<\/li>\n<li>\n    <!-- Post Item Start -->\n    <div class=\"post--item post--layout-3\">\n        <div class=\"post--img\">\n            <a href=\"\/post\/presidente-da-fiemt-afirma-europa-ficou-numa-saia-justa-na-cop-27\" class=\"thumb\">\n                <img class=\"lazy\" data-src=\"\/cache\/img\/noticias\/582.fiemt-100x70.jpeg\" alt=\"\" src=\"data:image\/gif;base64,R0lGODlhAQABAAAAACH5BAEKAAEALAAAAAABAAEAAAICTAEAOw==\"><\/a>\n\n            <div class=\"post--info\">\n                <ul class=\"nav meta\">\n                   <!-- <li><a href=\"#\"><\/a><\/li> -->\n                    <li><a href=\"#\">22\/12\/2022<\/a><\/li>\n                <\/ul>\n\n                <div class=\"title\">\n                    <h3 class=\"h4\"><a href=\"\/post\/presidente-da-fiemt-afirma-europa-ficou-numa-saia-justa-na-cop-27\" class=\"btn-link title_box_2_lines\">Presidente da Fiemt afirma &quot;Europa ficou numa saia justa na COP 27&quot;<\/a><\/h3>\n                <\/div>\n            <\/div>\n        <\/div>\n    <\/div>\n    <!-- Post Item End -->\n<\/li>\n<li>\n    <!-- Post Item Start -->\n    <div class=\"post--item post--layout-3\">\n        <div class=\"post--img\">\n            <a href=\"\/post\/a-11-semana-do-cavalo-acontece-em-maio-em-cuiaba\" class=\"thumb\">\n                <img class=\"lazy\" data-src=\"\/cache\/img\/noticias\/semana-do-cavalo-scaled-100x70.jpg\" alt=\"\" src=\"data:image\/gif;base64,R0lGODlhAQABAAAAACH5BAEKAAEALAAAAAABAAEAAAICTAEAOw==\"><\/a>\n\n            <div class=\"post--info\">\n                <ul class=\"nav meta\">\n                   <!-- <li><a href=\"#\"><\/a><\/li> -->\n                    <li><a href=\"#\">15\/03\/2024<\/a><\/li>\n                <\/ul>\n\n                <div class=\"title\">\n                    <h3 class=\"h4\"><a href=\"\/post\/a-11-semana-do-cavalo-acontece-em-maio-em-cuiaba\" class=\"btn-link title_box_2_lines\">A 11\u00aa Semana do Cavalo acontece em maio em Cuiab\u00e1 <\/a><\/h3>\n                <\/div>\n            <\/div>\n        <\/div>\n    <\/div>\n    <!-- Post Item End -->\n<\/li>\n","prev_page_url":"\/authors_posts?page=271","next_page_url":"\/authors_posts?page=273"}