{"data":"<li>\n    <!-- Post Item Start -->\n    <div class=\"post--item post--layout-3\">\n        <div class=\"post--img\">\n            <a href=\"\/post\/fernando-haddad-declarou-em-alto-e-bom-som-que-reforma-tributaria-representa-uma-oportunidade-historica-para-dar-um-golpe-no-patrimonialismo-brasileiro\" class=\"thumb\">\n                <img class=\"lazy\" data-src=\"\/cache\/img\/noticias\/1493.uol-100x70.jpg\" alt=\"\" src=\"data:image\/gif;base64,R0lGODlhAQABAAAAACH5BAEKAAEALAAAAAABAAEAAAICTAEAOw==\"><\/a>\n\n            <div class=\"post--info\">\n                <ul class=\"nav meta\">\n                   <!-- <li><a href=\"#\"><\/a><\/li> -->\n                    <li><a href=\"#\">13\/07\/2023<\/a><\/li>\n                <\/ul>\n\n                <div class=\"title\">\n                    <h3 class=\"h4\"><a href=\"\/post\/fernando-haddad-declarou-em-alto-e-bom-som-que-reforma-tributaria-representa-uma-oportunidade-historica-para-dar-um-golpe-no-patrimonialismo-brasileiro\" class=\"btn-link title_box_2_lines\">Fernando Haddad declarou em alto e bom som que &quot;reforma tribut\u00e1ria representa uma oportunidade hist\u00f3rica para dar um golpe no patrimonialismo brasileiro&quot;<\/a><\/h3>\n                <\/div>\n            <\/div>\n        <\/div>\n    <\/div>\n    <!-- Post Item End -->\n<\/li>\n<li>\n    <!-- Post Item Start -->\n    <div class=\"post--item post--layout-3\">\n        <div class=\"post--img\">\n            <a href=\"\/post\/no-mato-grosso-custo-total-da-producao-de-algodao-teve-reducao-de-1-39\" class=\"thumb\">\n                <img class=\"lazy\" data-src=\"\/cache\/img\/noticias\/algodao-100x70.jpg\" alt=\"\" src=\"data:image\/gif;base64,R0lGODlhAQABAAAAACH5BAEKAAEALAAAAAABAAEAAAICTAEAOw==\"><\/a>\n\n            <div class=\"post--info\">\n                <ul class=\"nav meta\">\n                   <!-- <li><a href=\"#\"><\/a><\/li> -->\n                    <li><a href=\"#\">26\/02\/2026<\/a><\/li>\n                <\/ul>\n\n                <div class=\"title\">\n                    <h3 class=\"h4\"><a href=\"\/post\/no-mato-grosso-custo-total-da-producao-de-algodao-teve-reducao-de-1-39\" class=\"btn-link title_box_2_lines\">No Mato Grosso custo total da produ\u00e7\u00e3o de algod\u00e3o teve redu\u00e7\u00e3o de 1,39%<\/a><\/h3>\n                <\/div>\n            <\/div>\n        <\/div>\n    <\/div>\n    <!-- Post Item End -->\n<\/li>\n<li>\n    <!-- Post Item Start -->\n    <div class=\"post--item post--layout-3\">\n        <div class=\"post--img\">\n            <a href=\"\/post\/governo-concede-mais-de-r-1-4-milhao-em-microcredito-com-garantia-do-fundo-de-aval\" class=\"thumb\">\n                <img class=\"lazy\" data-src=\"\/cache\/img\/noticias\/Desenvolve mt-100x70.jpg\" alt=\"\" src=\"data:image\/gif;base64,R0lGODlhAQABAAAAACH5BAEKAAEALAAAAAABAAEAAAICTAEAOw==\"><\/a>\n\n            <div class=\"post--info\">\n                <ul class=\"nav meta\">\n                   <!-- <li><a href=\"#\"><\/a><\/li> -->\n                    <li><a href=\"#\">25\/05\/2022<\/a><\/li>\n                <\/ul>\n\n                <div class=\"title\">\n                    <h3 class=\"h4\"><a href=\"\/post\/governo-concede-mais-de-r-1-4-milhao-em-microcredito-com-garantia-do-fundo-de-aval\" class=\"btn-link title_box_2_lines\">Governo concede mais de R$ 1,4 milh\u00e3o em microcr\u00e9dito com garantia do Fundo de Aval<\/a><\/h3>\n                <\/div>\n            <\/div>\n        <\/div>\n    <\/div>\n    <!-- Post Item End -->\n<\/li>\n<li>\n    <!-- Post Item Start -->\n    <div class=\"post--item post--layout-3\">\n        <div class=\"post--img\">\n            <a href=\"\/post\/botelho-destaca-resultado-do-bazar-solidario-e-entrega-recursos-para-tres-instituicoes-filantropicas\" class=\"thumb\">\n                <img class=\"lazy\" data-src=\"\/cache\/img\/noticias\/99999989.bot-100x70.jpg\" alt=\"\" src=\"data:image\/gif;base64,R0lGODlhAQABAAAAACH5BAEKAAEALAAAAAABAAEAAAICTAEAOw==\"><\/a>\n\n            <div class=\"post--info\">\n                <ul class=\"nav meta\">\n                   <!-- <li><a href=\"#\"><\/a><\/li> -->\n                    <li><a href=\"#\">09\/11\/2023<\/a><\/li>\n                <\/ul>\n\n                <div class=\"title\">\n                    <h3 class=\"h4\"><a href=\"\/post\/botelho-destaca-resultado-do-bazar-solidario-e-entrega-recursos-para-tres-instituicoes-filantropicas\" class=\"btn-link title_box_2_lines\">Botelho destaca resultado do Bazar Solid\u00e1rio e entrega recursos para tr\u00eas institui\u00e7\u00f5es filantr\u00f3picas<\/a><\/h3>\n                <\/div>\n            <\/div>\n        <\/div>\n    <\/div>\n    <!-- Post Item End -->\n<\/li>\n","prev_page_url":"\/authors_posts?page=322","next_page_url":"\/authors_posts?page=324"}