{"data":"<li>\n    <!-- Post Item Start -->\n    <div class=\"post--item post--layout-3\">\n        <div class=\"post--img\">\n            <a href=\"\/post\/nova-plataforma-do-observatorio-da-agropecuaria-traz-relatorios-do-agro\" class=\"thumb\">\n                <img class=\"lazy\" data-src=\"\/cache\/img\/noticias\/890.obs-100x70.jpeg\" alt=\"\" src=\"data:image\/gif;base64,R0lGODlhAQABAAAAACH5BAEKAAEALAAAAAABAAEAAAICTAEAOw==\"><\/a>\n\n            <div class=\"post--info\">\n                <ul class=\"nav meta\">\n                   <!-- <li><a href=\"#\"><\/a><\/li> -->\n                    <li><a href=\"#\">15\/02\/2023<\/a><\/li>\n                <\/ul>\n\n                <div class=\"title\">\n                    <h3 class=\"h4\"><a href=\"\/post\/nova-plataforma-do-observatorio-da-agropecuaria-traz-relatorios-do-agro\" class=\"btn-link title_box_2_lines\">Nova plataforma do Observat\u00f3rio da Agropecu\u00e1ria traz relat\u00f3rios do agro<\/a><\/h3>\n                <\/div>\n            <\/div>\n        <\/div>\n    <\/div>\n    <!-- Post Item End -->\n<\/li>\n<li>\n    <!-- Post Item Start -->\n    <div class=\"post--item post--layout-3\">\n        <div class=\"post--img\">\n            <a href=\"\/post\/agricultura-familiar-de-varzea-grande-recebe-maquinas-e-equipamentos-para-melhorar-producao\" class=\"thumb\">\n                <img class=\"lazy\" data-src=\"\/cache\/img\/noticias\/agric.familiarvg-100x70.jpeg\" alt=\"\" src=\"data:image\/gif;base64,R0lGODlhAQABAAAAACH5BAEKAAEALAAAAAABAAEAAAICTAEAOw==\"><\/a>\n\n            <div class=\"post--info\">\n                <ul class=\"nav meta\">\n                   <!-- <li><a href=\"#\"><\/a><\/li> -->\n                    <li><a href=\"#\">20\/03\/2023<\/a><\/li>\n                <\/ul>\n\n                <div class=\"title\">\n                    <h3 class=\"h4\"><a href=\"\/post\/agricultura-familiar-de-varzea-grande-recebe-maquinas-e-equipamentos-para-melhorar-producao\" class=\"btn-link title_box_2_lines\">Agricultura Familiar de V\u00e1rzea Grande recebe maquinas e equipamentos para melhorar produ\u00e7\u00e3o<\/a><\/h3>\n                <\/div>\n            <\/div>\n        <\/div>\n    <\/div>\n    <!-- Post Item End -->\n<\/li>\n<li>\n    <!-- Post Item Start -->\n    <div class=\"post--item post--layout-3\">\n        <div class=\"post--img\">\n            <a href=\"\/post\/licenciamento-de-veiculos-com-placas-final-1-2-e-3-deve-ser-pago-ate-31-de-marco\" class=\"thumb\">\n                <img class=\"lazy\" data-src=\"\/cache\/img\/noticias\/carros.cuiaba-100x70.jpg\" alt=\"\" src=\"data:image\/gif;base64,R0lGODlhAQABAAAAACH5BAEKAAEALAAAAAABAAEAAAICTAEAOw==\"><\/a>\n\n            <div class=\"post--info\">\n                <ul class=\"nav meta\">\n                   <!-- <li><a href=\"#\"><\/a><\/li> -->\n                    <li><a href=\"#\">09\/03\/2024<\/a><\/li>\n                <\/ul>\n\n                <div class=\"title\">\n                    <h3 class=\"h4\"><a href=\"\/post\/licenciamento-de-veiculos-com-placas-final-1-2-e-3-deve-ser-pago-ate-31-de-marco\" class=\"btn-link title_box_2_lines\">Licenciamento de ve\u00edculos com placas final 1, 2 e 3 deve ser pago at\u00e9 31 de mar\u00e7o<\/a><\/h3>\n                <\/div>\n            <\/div>\n        <\/div>\n    <\/div>\n    <!-- Post Item End -->\n<\/li>\n<li>\n    <!-- Post Item Start -->\n    <div class=\"post--item post--layout-3\">\n        <div class=\"post--img\">\n            <a href=\"\/post\/ami-vg-associacao-religiosa-tem-declaracao-de-utilidade-publica-sancionada-pelo-prefeito-kalil-baracat-e-reconhecimento-pelos-poderes-executivo-e-legislativo\" class=\"thumb\">\n                <img class=\"lazy\" data-src=\"\/cache\/img\/noticias\/37-100x70.jpeg\" alt=\"\" src=\"data:image\/gif;base64,R0lGODlhAQABAAAAACH5BAEKAAEALAAAAAABAAEAAAICTAEAOw==\"><\/a>\n\n            <div class=\"post--info\">\n                <ul class=\"nav meta\">\n                   <!-- <li><a href=\"#\"><\/a><\/li> -->\n                    <li><a href=\"#\">29\/03\/2023<\/a><\/li>\n                <\/ul>\n\n                <div class=\"title\">\n                    <h3 class=\"h4\"><a href=\"\/post\/ami-vg-associacao-religiosa-tem-declaracao-de-utilidade-publica-sancionada-pelo-prefeito-kalil-baracat-e-reconhecimento-pelos-poderes-executivo-e-legislativo\" class=\"btn-link title_box_2_lines\">AMI-VG; Associa\u00e7\u00e3o religiosa tem Declara\u00e7\u00e3o de Utilidade P\u00fablica sancionada pelo prefeito Kalil Baracat, e reconhecimento pelos poderes Executivo e Legislativo<\/a><\/h3>\n                <\/div>\n            <\/div>\n        <\/div>\n    <\/div>\n    <!-- Post Item End -->\n<\/li>\n","prev_page_url":"\/authors_posts?page=357","next_page_url":"\/authors_posts?page=359"}