{"data":"<li>\n    <!-- Post Item Start -->\n    <div class=\"post--item post--layout-3\">\n        <div class=\"post--img\">\n            <a href=\"\/post\/no-mato-grosso-preco-soja-disponivel-sobe-mais-de-3-e-media-passa-de-r-100\" class=\"thumb\">\n                <img class=\"lazy\" data-src=\"\/cache\/img\/noticias\/soja.colheita-100x70.jpg\" alt=\"\" src=\"data:image\/gif;base64,R0lGODlhAQABAAAAACH5BAEKAAEALAAAAAABAAEAAAICTAEAOw==\"><\/a>\n\n            <div class=\"post--info\">\n                <ul class=\"nav meta\">\n                   <!-- <li><a href=\"#\"><\/a><\/li> -->\n                    <li><a href=\"#\">19\/03\/2024<\/a><\/li>\n                <\/ul>\n\n                <div class=\"title\">\n                    <h3 class=\"h4\"><a href=\"\/post\/no-mato-grosso-preco-soja-disponivel-sobe-mais-de-3-e-media-passa-de-r-100\" class=\"btn-link title_box_2_lines\">No Mato Grosso pre\u00e7o soja dispon\u00edvel sobe mais de 3% e m\u00e9dia passa de R$ 100<\/a><\/h3>\n                <\/div>\n            <\/div>\n        <\/div>\n    <\/div>\n    <!-- Post Item End -->\n<\/li>\n<li>\n    <!-- Post Item Start -->\n    <div class=\"post--item post--layout-3\">\n        <div class=\"post--img\">\n            <a href=\"\/post\/fernando-haddad-declarou-em-alto-e-bom-som-que-reforma-tributaria-representa-uma-oportunidade-historica-para-dar-um-golpe-no-patrimonialismo-brasileiro\" class=\"thumb\">\n                <img class=\"lazy\" data-src=\"\/cache\/img\/noticias\/1493.uol-100x70.jpg\" alt=\"\" src=\"data:image\/gif;base64,R0lGODlhAQABAAAAACH5BAEKAAEALAAAAAABAAEAAAICTAEAOw==\"><\/a>\n\n            <div class=\"post--info\">\n                <ul class=\"nav meta\">\n                   <!-- <li><a href=\"#\"><\/a><\/li> -->\n                    <li><a href=\"#\">13\/07\/2023<\/a><\/li>\n                <\/ul>\n\n                <div class=\"title\">\n                    <h3 class=\"h4\"><a href=\"\/post\/fernando-haddad-declarou-em-alto-e-bom-som-que-reforma-tributaria-representa-uma-oportunidade-historica-para-dar-um-golpe-no-patrimonialismo-brasileiro\" class=\"btn-link title_box_2_lines\">Fernando Haddad declarou em alto e bom som que &quot;reforma tribut\u00e1ria representa uma oportunidade hist\u00f3rica para dar um golpe no patrimonialismo brasileiro&quot;<\/a><\/h3>\n                <\/div>\n            <\/div>\n        <\/div>\n    <\/div>\n    <!-- Post Item End -->\n<\/li>\n<li>\n    <!-- Post Item Start -->\n    <div class=\"post--item post--layout-3\">\n        <div class=\"post--img\">\n            <a href=\"\/post\/campanha-agosto-lilas-em-varzea-grande-e-reforcada-pela-primeira-dama-kika-dorileo-baracat\" class=\"thumb\">\n                <img class=\"lazy\" data-src=\"\/cache\/img\/noticias\/WhatsApp Image 2022-08-25 at 14.31.20-100x70.jpeg\" alt=\"\" src=\"data:image\/gif;base64,R0lGODlhAQABAAAAACH5BAEKAAEALAAAAAABAAEAAAICTAEAOw==\"><\/a>\n\n            <div class=\"post--info\">\n                <ul class=\"nav meta\">\n                   <!-- <li><a href=\"#\"><\/a><\/li> -->\n                    <li><a href=\"#\">25\/08\/2022<\/a><\/li>\n                <\/ul>\n\n                <div class=\"title\">\n                    <h3 class=\"h4\"><a href=\"\/post\/campanha-agosto-lilas-em-varzea-grande-e-reforcada-pela-primeira-dama-kika-dorileo-baracat\" class=\"btn-link title_box_2_lines\">Campanha Agosto Lil\u00e1s em V\u00e1rzea Grande  \u00e9 refor\u00e7ada pela primeira dama Kika Doril\u00eao Baracat<\/a><\/h3>\n                <\/div>\n            <\/div>\n        <\/div>\n    <\/div>\n    <!-- Post Item End -->\n<\/li>\n<li>\n    <!-- Post Item Start -->\n    <div class=\"post--item post--layout-3\">\n        <div class=\"post--img\">\n            <a href=\"\/post\/prefeitura-de-varzea-grande-investe-na-prevencao-de-queimadas\" class=\"thumb\">\n                <img class=\"lazy\" data-src=\"\/cache\/img\/noticias\/queimadas.mt-100x70.jpg\" alt=\"\" src=\"data:image\/gif;base64,R0lGODlhAQABAAAAACH5BAEKAAEALAAAAAABAAEAAAICTAEAOw==\"><\/a>\n\n            <div class=\"post--info\">\n                <ul class=\"nav meta\">\n                   <!-- <li><a href=\"#\"><\/a><\/li> -->\n                    <li><a href=\"#\">02\/07\/2024<\/a><\/li>\n                <\/ul>\n\n                <div class=\"title\">\n                    <h3 class=\"h4\"><a href=\"\/post\/prefeitura-de-varzea-grande-investe-na-prevencao-de-queimadas\" class=\"btn-link title_box_2_lines\">Prefeitura de V\u00e1rzea Grande investe na preven\u00e7\u00e3o de queimadas <\/a><\/h3>\n                <\/div>\n            <\/div>\n        <\/div>\n    <\/div>\n    <!-- Post Item End -->\n<\/li>\n","prev_page_url":"\/authors_posts?page=358","next_page_url":"\/authors_posts?page=360"}