{"data":"<li>\n    <!-- Post Item Start -->\n    <div class=\"post--item post--layout-3\">\n        <div class=\"post--img\">\n            <a href=\"\/post\/varzea-grande-kalil-entrega-reforma-ampliacao-e-revitalizacao-da-escola-municipal-jaiminho\" class=\"thumb\">\n                <img class=\"lazy\" data-src=\"\/cache\/img\/noticias\/jayminho-100x70.jpeg\" alt=\"\" src=\"data:image\/gif;base64,R0lGODlhAQABAAAAACH5BAEKAAEALAAAAAABAAEAAAICTAEAOw==\"><\/a>\n\n            <div class=\"post--info\">\n                <ul class=\"nav meta\">\n                   <!-- <li><a href=\"#\"><\/a><\/li> -->\n                    <li><a href=\"#\">09\/05\/2023<\/a><\/li>\n                <\/ul>\n\n                <div class=\"title\">\n                    <h3 class=\"h4\"><a href=\"\/post\/varzea-grande-kalil-entrega-reforma-ampliacao-e-revitalizacao-da-escola-municipal-jaiminho\" class=\"btn-link title_box_2_lines\">V\u00e1rzea Grande: Kalil entrega reforma, amplia\u00e7\u00e3o e revitaliza\u00e7\u00e3o da Escola Municipal  &quot;Jaiminho&quot;<\/a><\/h3>\n                <\/div>\n            <\/div>\n        <\/div>\n    <\/div>\n    <!-- Post Item End -->\n<\/li>\n<li>\n    <!-- Post Item Start -->\n    <div class=\"post--item post--layout-3\">\n        <div class=\"post--img\">\n            <a href=\"\/post\/produtores-do-mt-ganham-folego-com-renegociacao-de-dividas\" class=\"thumb\">\n                <img class=\"lazy\" data-src=\"\/cache\/img\/noticias\/colheita.soja.11-100x70.jpg\" alt=\"\" src=\"data:image\/gif;base64,R0lGODlhAQABAAAAACH5BAEKAAEALAAAAAABAAEAAAICTAEAOw==\"><\/a>\n\n            <div class=\"post--info\">\n                <ul class=\"nav meta\">\n                   <!-- <li><a href=\"#\"><\/a><\/li> -->\n                    <li><a href=\"#\">03\/04\/2024<\/a><\/li>\n                <\/ul>\n\n                <div class=\"title\">\n                    <h3 class=\"h4\"><a href=\"\/post\/produtores-do-mt-ganham-folego-com-renegociacao-de-dividas\" class=\"btn-link title_box_2_lines\">Produtores do MT ganham f\u00f4lego com renegocia\u00e7\u00e3o de dividas<\/a><\/h3>\n                <\/div>\n            <\/div>\n        <\/div>\n    <\/div>\n    <!-- Post Item End -->\n<\/li>\n<li>\n    <!-- Post Item Start -->\n    <div class=\"post--item post--layout-3\">\n        <div class=\"post--img\">\n            <a href=\"\/post\/rodovia-em-mato-grosso-e-parcialmente-interditada-apos-colisao-entre-veiculos-de-carga\" class=\"thumb\">\n                <img class=\"lazy\" data-src=\"\/cache\/img\/noticias\/carreta-585x445-100x70.jpg\" alt=\"\" src=\"data:image\/gif;base64,R0lGODlhAQABAAAAACH5BAEKAAEALAAAAAABAAEAAAICTAEAOw==\"><\/a>\n\n            <div class=\"post--info\">\n                <ul class=\"nav meta\">\n                   <!-- <li><a href=\"#\"><\/a><\/li> -->\n                    <li><a href=\"#\">24\/07\/2020<\/a><\/li>\n                <\/ul>\n\n                <div class=\"title\">\n                    <h3 class=\"h4\"><a href=\"\/post\/rodovia-em-mato-grosso-e-parcialmente-interditada-apos-colisao-entre-veiculos-de-carga\" class=\"btn-link title_box_2_lines\">Rodovia em Mato Grosso \u00e9 parcialmente interditada ap\u00f3s colis\u00e3o entre ve\u00edculos de carga<\/a><\/h3>\n                <\/div>\n            <\/div>\n        <\/div>\n    <\/div>\n    <!-- Post Item End -->\n<\/li>\n<li>\n    <!-- Post Item Start -->\n    <div class=\"post--item post--layout-3\">\n        <div class=\"post--img\">\n            <a href=\"\/post\/para-a-concessao-do-seguro-desemprego-para-agricultor-ou-extrativista-e-preciso-preencher-requisitos-como-por-exemplo-nao-ter-outra-fonte-de-renda\" class=\"thumb\">\n                <img class=\"lazy\" data-src=\"\/cache\/img\/noticias\/740.caixaefederal-100x70.jpg\" alt=\"\" src=\"data:image\/gif;base64,R0lGODlhAQABAAAAACH5BAEKAAEALAAAAAABAAEAAAICTAEAOw==\"><\/a>\n\n            <div class=\"post--info\">\n                <ul class=\"nav meta\">\n                   <!-- <li><a href=\"#\"><\/a><\/li> -->\n                    <li><a href=\"#\">23\/01\/2023<\/a><\/li>\n                <\/ul>\n\n                <div class=\"title\">\n                    <h3 class=\"h4\"><a href=\"\/post\/para-a-concessao-do-seguro-desemprego-para-agricultor-ou-extrativista-e-preciso-preencher-requisitos-como-por-exemplo-nao-ter-outra-fonte-de-renda\" class=\"btn-link title_box_2_lines\">Para a concess\u00e3o do  seguro desemprego para agricultor ou extrativista \u00e9 preciso preencher requisitos como,  por exemplo n\u00e3o ter outra fonte de renda<\/a><\/h3>\n                <\/div>\n            <\/div>\n        <\/div>\n    <\/div>\n    <!-- Post Item End -->\n<\/li>\n","prev_page_url":"\/authors_posts?page=360","next_page_url":"\/authors_posts?page=362"}