{"data":"<li>\n    <!-- Post Item Start -->\n    <div class=\"post--item post--layout-3\">\n        <div class=\"post--img\">\n            <a href=\"\/post\/pma-prende-homem-por-pesca-irregular-apreende-25-quilos-de-peixes-e-aplica-mais-de-r-28-mil-em-multa\" class=\"thumb\">\n                <img class=\"lazy\" data-src=\"\/cache\/img\/noticias\/peixes.sema.mt-100x70.jpeg\" alt=\"\" src=\"data:image\/gif;base64,R0lGODlhAQABAAAAACH5BAEKAAEALAAAAAABAAEAAAICTAEAOw==\"><\/a>\n\n            <div class=\"post--info\">\n                <ul class=\"nav meta\">\n                   <!-- <li><a href=\"#\"><\/a><\/li> -->\n                    <li><a href=\"#\">17\/07\/2025<\/a><\/li>\n                <\/ul>\n\n                <div class=\"title\">\n                    <h3 class=\"h4\"><a href=\"\/post\/pma-prende-homem-por-pesca-irregular-apreende-25-quilos-de-peixes-e-aplica-mais-de-r-28-mil-em-multa\" class=\"btn-link title_box_2_lines\">PMA prende homem por pesca irregular, apreende 25 quilos de peixes e aplica mais de R$ 28 mil em multa<\/a><\/h3>\n                <\/div>\n            <\/div>\n        <\/div>\n    <\/div>\n    <!-- Post Item End -->\n<\/li>\n<li>\n    <!-- Post Item Start -->\n    <div class=\"post--item post--layout-3\">\n        <div class=\"post--img\">\n            <a href=\"\/post\/centro-comunitario-do-asa-bela-e-reformado-e-prefeito-anuncia-novo-parque-infantil\" class=\"thumb\">\n                <img class=\"lazy\" data-src=\"\/cache\/img\/noticias\/vg.asabela-100x70.jpeg\" alt=\"\" src=\"data:image\/gif;base64,R0lGODlhAQABAAAAACH5BAEKAAEALAAAAAABAAEAAAICTAEAOw==\"><\/a>\n\n            <div class=\"post--info\">\n                <ul class=\"nav meta\">\n                   <!-- <li><a href=\"#\"><\/a><\/li> -->\n                    <li><a href=\"#\">19\/05\/2024<\/a><\/li>\n                <\/ul>\n\n                <div class=\"title\">\n                    <h3 class=\"h4\"><a href=\"\/post\/centro-comunitario-do-asa-bela-e-reformado-e-prefeito-anuncia-novo-parque-infantil\" class=\"btn-link title_box_2_lines\">Centro Comunit\u00e1rio do Asa Bela \u00e9 reformado e prefeito anuncia novo parque infantil<\/a><\/h3>\n                <\/div>\n            <\/div>\n        <\/div>\n    <\/div>\n    <!-- Post Item End -->\n<\/li>\n<li>\n    <!-- Post Item Start -->\n    <div class=\"post--item post--layout-3\">\n        <div class=\"post--img\">\n            <a href=\"\/post\/geracao-de-empregos-no-mt-e-liderada-pela-agropecuaria-com-13-3-mil-segundo-caged\" class=\"thumb\">\n                <img class=\"lazy\" data-src=\"\/cache\/img\/noticias\/agricultura familiar-100x70.jpg\" alt=\"\" src=\"data:image\/gif;base64,R0lGODlhAQABAAAAACH5BAEKAAEALAAAAAABAAEAAAICTAEAOw==\"><\/a>\n\n            <div class=\"post--info\">\n                <ul class=\"nav meta\">\n                   <!-- <li><a href=\"#\"><\/a><\/li> -->\n                    <li><a href=\"#\">28\/07\/2022<\/a><\/li>\n                <\/ul>\n\n                <div class=\"title\">\n                    <h3 class=\"h4\"><a href=\"\/post\/geracao-de-empregos-no-mt-e-liderada-pela-agropecuaria-com-13-3-mil-segundo-caged\" class=\"btn-link title_box_2_lines\">Gera\u00e7\u00e3o de empregos no MT \u00e9 liderada pela Agropecu\u00e1ria com 13,3 mil, segundo Caged<\/a><\/h3>\n                <\/div>\n            <\/div>\n        <\/div>\n    <\/div>\n    <!-- Post Item End -->\n<\/li>\n<li>\n    <!-- Post Item Start -->\n    <div class=\"post--item post--layout-3\">\n        <div class=\"post--img\">\n            <a href=\"\/post\/escandalos-podem-afastar-emanuel-pinheiro-vereador-pede-a-cuiabanos-que-observem-a-camara\" class=\"thumb\">\n                <img class=\"lazy\" data-src=\"\/cache\/img\/noticias\/851.direitodeolhar-100x70.jpeg\" alt=\"\" src=\"data:image\/gif;base64,R0lGODlhAQABAAAAACH5BAEKAAEALAAAAAABAAEAAAICTAEAOw==\"><\/a>\n\n            <div class=\"post--info\">\n                <ul class=\"nav meta\">\n                   <!-- <li><a href=\"#\"><\/a><\/li> -->\n                    <li><a href=\"#\">13\/02\/2023<\/a><\/li>\n                <\/ul>\n\n                <div class=\"title\">\n                    <h3 class=\"h4\"><a href=\"\/post\/escandalos-podem-afastar-emanuel-pinheiro-vereador-pede-a-cuiabanos-que-observem-a-camara\" class=\"btn-link title_box_2_lines\">Esc\u00e2ndalos podem afastar Emanuel Pinheiro, vereador pede \u00e0 cuiabanos que observem a C\u00e2mara<\/a><\/h3>\n                <\/div>\n            <\/div>\n        <\/div>\n    <\/div>\n    <!-- Post Item End -->\n<\/li>\n","prev_page_url":"\/authors_posts?page=36","next_page_url":"\/authors_posts?page=38"}