{"data":"<li>\n    <!-- Post Item Start -->\n    <div class=\"post--item post--layout-3\">\n        <div class=\"post--img\">\n            <a href=\"\/post\/aprovados-r-320-milhoes-do-fco-para-investimentos-complexo-industrial-em-nova-mutum-tera-r-200-milhoes\" class=\"thumb\">\n                <img class=\"lazy\" data-src=\"\/cache\/img\/noticias\/Leandro-Felix e mendes -e-empresa\u0301rio-construc\u0327a\u0303o-de-indu\u0301stria-em-nova-mutum-990x556-100x70.jpg\" alt=\"\" src=\"data:image\/gif;base64,R0lGODlhAQABAAAAACH5BAEKAAEALAAAAAABAAEAAAICTAEAOw==\"><\/a>\n\n            <div class=\"post--info\">\n                <ul class=\"nav meta\">\n                   <!-- <li><a href=\"#\"><\/a><\/li> -->\n                    <li><a href=\"#\">06\/04\/2022<\/a><\/li>\n                <\/ul>\n\n                <div class=\"title\">\n                    <h3 class=\"h4\"><a href=\"\/post\/aprovados-r-320-milhoes-do-fco-para-investimentos-complexo-industrial-em-nova-mutum-tera-r-200-milhoes\" class=\"btn-link title_box_2_lines\">Aprovados R$ 320 milh\u00f5es do FCO para investimentos; complexo industrial em Nova Mutum ter\u00e1 R$ 200 milh\u00f5es<\/a><\/h3>\n                <\/div>\n            <\/div>\n        <\/div>\n    <\/div>\n    <!-- Post Item End -->\n<\/li>\n<li>\n    <!-- Post Item Start -->\n    <div class=\"post--item post--layout-3\">\n        <div class=\"post--img\">\n            <a href=\"\/post\/soja-no-centro-oeste-teve-valorizacao-e-escoamento-muito-expressivo-nesta-quinta-feira-06\" class=\"thumb\">\n                <img class=\"lazy\" data-src=\"\/cache\/img\/noticias\/867.embrapa-100x70.jpg\" alt=\"\" src=\"data:image\/gif;base64,R0lGODlhAQABAAAAACH5BAEKAAEALAAAAAABAAEAAAICTAEAOw==\"><\/a>\n\n            <div class=\"post--info\">\n                <ul class=\"nav meta\">\n                   <!-- <li><a href=\"#\"><\/a><\/li> -->\n                    <li><a href=\"#\">07\/07\/2023<\/a><\/li>\n                <\/ul>\n\n                <div class=\"title\">\n                    <h3 class=\"h4\"><a href=\"\/post\/soja-no-centro-oeste-teve-valorizacao-e-escoamento-muito-expressivo-nesta-quinta-feira-06\" class=\"btn-link title_box_2_lines\">Soja no Centro-Oeste teve valoriza\u00e7\u00e3o e escoamento muito expressivo nesta quinta-feira (06)<\/a><\/h3>\n                <\/div>\n            <\/div>\n        <\/div>\n    <\/div>\n    <!-- Post Item End -->\n<\/li>\n<li>\n    <!-- Post Item Start -->\n    <div class=\"post--item post--layout-3\">\n        <div class=\"post--img\">\n            <a href=\"\/post\/soja-mato-grosso-tem-altas-de-r-2-90-a-saca-ja-ms-iniciou-a-semana-com-baixas-consideraveis\" class=\"thumb\">\n                <img class=\"lazy\" data-src=\"\/cache\/img\/noticias\/1593.canalrural-100x70.jpeg\" alt=\"\" src=\"data:image\/gif;base64,R0lGODlhAQABAAAAACH5BAEKAAEALAAAAAABAAEAAAICTAEAOw==\"><\/a>\n\n            <div class=\"post--info\">\n                <ul class=\"nav meta\">\n                   <!-- <li><a href=\"#\"><\/a><\/li> -->\n                    <li><a href=\"#\">08\/08\/2023<\/a><\/li>\n                <\/ul>\n\n                <div class=\"title\">\n                    <h3 class=\"h4\"><a href=\"\/post\/soja-mato-grosso-tem-altas-de-r-2-90-a-saca-ja-ms-iniciou-a-semana-com-baixas-consideraveis\" class=\"btn-link title_box_2_lines\">Soja: Mato Grosso tem altas de R$ 2,90 a saca, j\u00e1 MS iniciou a semana com baixas consider\u00e1veis <\/a><\/h3>\n                <\/div>\n            <\/div>\n        <\/div>\n    <\/div>\n    <!-- Post Item End -->\n<\/li>\n<li>\n    <!-- Post Item Start -->\n    <div class=\"post--item post--layout-3\">\n        <div class=\"post--img\">\n            <a href=\"\/post\/mercado-do-milho-fechou-em-baixa-nesta-terca-feira\" class=\"thumb\">\n                <img class=\"lazy\" data-src=\"\/cache\/img\/noticias\/1805.blosistel-100x70.jpeg\" alt=\"\" src=\"data:image\/gif;base64,R0lGODlhAQABAAAAACH5BAEKAAEALAAAAAABAAEAAAICTAEAOw==\"><\/a>\n\n            <div class=\"post--info\">\n                <ul class=\"nav meta\">\n                   <!-- <li><a href=\"#\"><\/a><\/li> -->\n                    <li><a href=\"#\">18\/10\/2023<\/a><\/li>\n                <\/ul>\n\n                <div class=\"title\">\n                    <h3 class=\"h4\"><a href=\"\/post\/mercado-do-milho-fechou-em-baixa-nesta-terca-feira\" class=\"btn-link title_box_2_lines\">Mercado do milho fechou em baixa nesta ter\u00e7a-feira<\/a><\/h3>\n                <\/div>\n            <\/div>\n        <\/div>\n    <\/div>\n    <!-- Post Item End -->\n<\/li>\n","prev_page_url":"\/authors_posts?page=384","next_page_url":"\/authors_posts?page=386"}