{"data":"<li>\n    <!-- Post Item Start -->\n    <div class=\"post--item post--layout-3\">\n        <div class=\"post--img\">\n            <a href=\"\/post\/prefeitura-entrega-reforma-de-centro-comunitario-e-de-praca-na-cohab-santa-fe\" class=\"thumb\">\n                <img class=\"lazy\" data-src=\"\/cache\/img\/noticias\/pra\u00e7a... vg-100x70.jpg\" alt=\"\" src=\"data:image\/gif;base64,R0lGODlhAQABAAAAACH5BAEKAAEALAAAAAABAAEAAAICTAEAOw==\"><\/a>\n\n            <div class=\"post--info\">\n                <ul class=\"nav meta\">\n                   <!-- <li><a href=\"#\"><\/a><\/li> -->\n                    <li><a href=\"#\">05\/05\/2022<\/a><\/li>\n                <\/ul>\n\n                <div class=\"title\">\n                    <h3 class=\"h4\"><a href=\"\/post\/prefeitura-entrega-reforma-de-centro-comunitario-e-de-praca-na-cohab-santa-fe\" class=\"btn-link title_box_2_lines\">Prefeitura entrega reforma de Centro Comunit\u00e1rio e de Pra\u00e7a na Cohab Santa F\u00e9<\/a><\/h3>\n                <\/div>\n            <\/div>\n        <\/div>\n    <\/div>\n    <!-- Post Item End -->\n<\/li>\n<li>\n    <!-- Post Item Start -->\n    <div class=\"post--item post--layout-3\">\n        <div class=\"post--img\">\n            <a href=\"\/post\/setor-publico-e-representantes-da-aprofir-mt-realizaram-visitas-tecnicas-as-cidades-de-york-e-lincoln-em-nebraska-nos-eua-para-conhecer-modelos\" class=\"thumb\">\n                <img class=\"lazy\" data-src=\"\/cache\/img\/noticias\/1260.canteirodeengenharia-100x70.jpg\" alt=\"\" src=\"data:image\/gif;base64,R0lGODlhAQABAAAAACH5BAEKAAEALAAAAAABAAEAAAICTAEAOw==\"><\/a>\n\n            <div class=\"post--info\">\n                <ul class=\"nav meta\">\n                   <!-- <li><a href=\"#\"><\/a><\/li> -->\n                    <li><a href=\"#\">15\/05\/2023<\/a><\/li>\n                <\/ul>\n\n                <div class=\"title\">\n                    <h3 class=\"h4\"><a href=\"\/post\/setor-publico-e-representantes-da-aprofir-mt-realizaram-visitas-tecnicas-as-cidades-de-york-e-lincoln-em-nebraska-nos-eua-para-conhecer-modelos\" class=\"btn-link title_box_2_lines\">Setor p\u00fablico e representantes da Aprofir-MT realizaram visitas t\u00e9cnicas \u00e0s cidades de York e Lincoln, em Nebraska, nos EUA para conhecer modelos<\/a><\/h3>\n                <\/div>\n            <\/div>\n        <\/div>\n    <\/div>\n    <!-- Post Item End -->\n<\/li>\n<li>\n    <!-- Post Item Start -->\n    <div class=\"post--item post--layout-3\">\n        <div class=\"post--img\">\n            <a href=\"\/post\/em-varzea-grande-cerca-de-31-mil-se-inscrevem-para-participar-do-sorteio-de-1-000-casas\" class=\"thumb\">\n                <img class=\"lazy\" data-src=\"\/cache\/img\/noticias\/casa.prefVG-100x70.jpeg\" alt=\"\" src=\"data:image\/gif;base64,R0lGODlhAQABAAAAACH5BAEKAAEALAAAAAABAAEAAAICTAEAOw==\"><\/a>\n\n            <div class=\"post--info\">\n                <ul class=\"nav meta\">\n                   <!-- <li><a href=\"#\"><\/a><\/li> -->\n                    <li><a href=\"#\">21\/11\/2023<\/a><\/li>\n                <\/ul>\n\n                <div class=\"title\">\n                    <h3 class=\"h4\"><a href=\"\/post\/em-varzea-grande-cerca-de-31-mil-se-inscrevem-para-participar-do-sorteio-de-1-000-casas\" class=\"btn-link title_box_2_lines\">Em V\u00e1rzea Grande cerca de 31 mil  se inscrevem para participar do sorteio de 1.000 casas <\/a><\/h3>\n                <\/div>\n            <\/div>\n        <\/div>\n    <\/div>\n    <!-- Post Item End -->\n<\/li>\n<li>\n    <!-- Post Item Start -->\n    <div class=\"post--item post--layout-3\">\n        <div class=\"post--img\">\n            <a href=\"\/post\/indignacao-popular-prefeito-e-confrontado-por-nao-pagar-santa-casa-de-rondonopolis\" class=\"thumb\">\n                <img class=\"lazy\" data-src=\"\/cache\/img\/noticias\/santa-casa-paralisacao-15-01-19-1-100x70.jpg\" alt=\"\" src=\"data:image\/gif;base64,R0lGODlhAQABAAAAACH5BAEKAAEALAAAAAABAAEAAAICTAEAOw==\"><\/a>\n\n            <div class=\"post--info\">\n                <ul class=\"nav meta\">\n                   <!-- <li><a href=\"#\"><\/a><\/li> -->\n                    <li><a href=\"#\">22\/09\/2022<\/a><\/li>\n                <\/ul>\n\n                <div class=\"title\">\n                    <h3 class=\"h4\"><a href=\"\/post\/indignacao-popular-prefeito-e-confrontado-por-nao-pagar-santa-casa-de-rondonopolis\" class=\"btn-link title_box_2_lines\">Indigna\u00e7\u00e3o popular: Prefeito \u00e9 confrontado por n\u00e3o pagar Santa Casa de Rondon\u00f3polis<\/a><\/h3>\n                <\/div>\n            <\/div>\n        <\/div>\n    <\/div>\n    <!-- Post Item End -->\n<\/li>\n","prev_page_url":"\/authors_posts?page=400","next_page_url":"\/authors_posts?page=402"}