{"data":"<li>\n    <!-- Post Item Start -->\n    <div class=\"post--item post--layout-3\">\n        <div class=\"post--img\">\n            <a href=\"\/post\/acricorte-divulga-time-de-palestrantes-da-edicao-2020\" class=\"thumb\">\n                <img class=\"lazy\" data-src=\"\/cache\/img\/noticias\/unnamed (4)-100x70.jpg\" alt=\"\" src=\"data:image\/gif;base64,R0lGODlhAQABAAAAACH5BAEKAAEALAAAAAABAAEAAAICTAEAOw==\"><\/a>\n\n            <div class=\"post--info\">\n                <ul class=\"nav meta\">\n                   <!-- <li><a href=\"#\"><\/a><\/li> -->\n                    <li><a href=\"#\">11\/03\/2020<\/a><\/li>\n                <\/ul>\n\n                <div class=\"title\">\n                    <h3 class=\"h4\"><a href=\"\/post\/acricorte-divulga-time-de-palestrantes-da-edicao-2020\" class=\"btn-link title_box_2_lines\">Acricorte divulga time de palestrantes da edi\u00e7\u00e3o 2020<\/a><\/h3>\n                <\/div>\n            <\/div>\n        <\/div>\n    <\/div>\n    <!-- Post Item End -->\n<\/li>\n<li>\n    <!-- Post Item Start -->\n    <div class=\"post--item post--layout-3\">\n        <div class=\"post--img\">\n            <a href=\"\/post\/nova-lei-estadual-entra-em-vigencia-em-90-dias-e-obriga-comerciante-informar-taxas-de-juros-de-vendas-a-prazo-e-no-credito\" class=\"thumb\">\n                <img class=\"lazy\" data-src=\"\/cache\/img\/noticias\/1069.unicanews-100x70.jpg\" alt=\"\" src=\"data:image\/gif;base64,R0lGODlhAQABAAAAACH5BAEKAAEALAAAAAABAAEAAAICTAEAOw==\"><\/a>\n\n            <div class=\"post--info\">\n                <ul class=\"nav meta\">\n                   <!-- <li><a href=\"#\"><\/a><\/li> -->\n                    <li><a href=\"#\">28\/03\/2023<\/a><\/li>\n                <\/ul>\n\n                <div class=\"title\">\n                    <h3 class=\"h4\"><a href=\"\/post\/nova-lei-estadual-entra-em-vigencia-em-90-dias-e-obriga-comerciante-informar-taxas-de-juros-de-vendas-a-prazo-e-no-credito\" class=\"btn-link title_box_2_lines\">Nova lei estadual entra em vig\u00eancia em 90 dias, e obriga comerciante informar taxas de juros de vendas a prazo e no cr\u00e9dito<\/a><\/h3>\n                <\/div>\n            <\/div>\n        <\/div>\n    <\/div>\n    <!-- Post Item End -->\n<\/li>\n<li>\n    <!-- Post Item Start -->\n    <div class=\"post--item post--layout-3\">\n        <div class=\"post--img\">\n            <a href=\"\/post\/milho-segue-com-precos-estaveis-e-a-exportacao-subiu-em-media-r-2-saca-no-porto\" class=\"thumb\">\n                <img class=\"lazy\" data-src=\"\/cache\/img\/noticias\/1392.govfederal-100x70.jpeg\" alt=\"\" src=\"data:image\/gif;base64,R0lGODlhAQABAAAAACH5BAEKAAEALAAAAAABAAEAAAICTAEAOw==\"><\/a>\n\n            <div class=\"post--info\">\n                <ul class=\"nav meta\">\n                   <!-- <li><a href=\"#\"><\/a><\/li> -->\n                    <li><a href=\"#\">19\/06\/2023<\/a><\/li>\n                <\/ul>\n\n                <div class=\"title\">\n                    <h3 class=\"h4\"><a href=\"\/post\/milho-segue-com-precos-estaveis-e-a-exportacao-subiu-em-media-r-2-saca-no-porto\" class=\"btn-link title_box_2_lines\">Milho segue com pre\u00e7os est\u00e1veis e a exporta\u00e7\u00e3o subiu em m\u00e9dia R$2\/saca no porto <\/a><\/h3>\n                <\/div>\n            <\/div>\n        <\/div>\n    <\/div>\n    <!-- Post Item End -->\n<\/li>\n<li>\n    <!-- Post Item Start -->\n    <div class=\"post--item post--layout-3\">\n        <div class=\"post--img\">\n            <a href=\"\/post\/abilio-brunini-e-expulso-da-cpmi-do-8-de-janeiro-e-se-recusa-a-sair-e-sessao-que-e-suspensa\" class=\"thumb\">\n                <img class=\"lazy\" data-src=\"\/cache\/img\/noticias\/111111.jp-100x70.jpg\" alt=\"\" src=\"data:image\/gif;base64,R0lGODlhAQABAAAAACH5BAEKAAEALAAAAAABAAEAAAICTAEAOw==\"><\/a>\n\n            <div class=\"post--info\">\n                <ul class=\"nav meta\">\n                   <!-- <li><a href=\"#\"><\/a><\/li> -->\n                    <li><a href=\"#\">26\/09\/2023<\/a><\/li>\n                <\/ul>\n\n                <div class=\"title\">\n                    <h3 class=\"h4\"><a href=\"\/post\/abilio-brunini-e-expulso-da-cpmi-do-8-de-janeiro-e-se-recusa-a-sair-e-sessao-que-e-suspensa\" class=\"btn-link title_box_2_lines\">Ab\u00edlio Brunini \u00e9 expulso da CPMI do 8 de Janeiro e se recusa a sair e sess\u00e3o que \u00e9 suspensa<\/a><\/h3>\n                <\/div>\n            <\/div>\n        <\/div>\n    <\/div>\n    <!-- Post Item End -->\n<\/li>\n","prev_page_url":"\/authors_posts?page=446","next_page_url":"\/authors_posts?page=448"}