{"data":"<li>\n    <!-- Post Item Start -->\n    <div class=\"post--item post--layout-3\">\n        <div class=\"post--img\">\n            <a href=\"\/post\/intervencao-do-stf-no-debate-sobre-o-marco-temporal-de-terras-indigenas-recebeu-criticas-pelo-senador-jayme-campos\" class=\"thumb\">\n                <img class=\"lazy\" data-src=\"\/cache\/img\/noticias\/1767.senadofederal-100x70.jpg\" alt=\"\" src=\"data:image\/gif;base64,R0lGODlhAQABAAAAACH5BAEKAAEALAAAAAABAAEAAAICTAEAOw==\"><\/a>\n\n            <div class=\"post--info\">\n                <ul class=\"nav meta\">\n                   <!-- <li><a href=\"#\"><\/a><\/li> -->\n                    <li><a href=\"#\">04\/10\/2023<\/a><\/li>\n                <\/ul>\n\n                <div class=\"title\">\n                    <h3 class=\"h4\"><a href=\"\/post\/intervencao-do-stf-no-debate-sobre-o-marco-temporal-de-terras-indigenas-recebeu-criticas-pelo-senador-jayme-campos\" class=\"btn-link title_box_2_lines\"> Interven\u00e7\u00e3o do STF no debate sobre o Marco Temporal de terras ind\u00edgenas recebeu criticas pelo Senador Jayme Campos<\/a><\/h3>\n                <\/div>\n            <\/div>\n        <\/div>\n    <\/div>\n    <!-- Post Item End -->\n<\/li>\n<li>\n    <!-- Post Item Start -->\n    <div class=\"post--item post--layout-3\">\n        <div class=\"post--img\">\n            <a href=\"\/post\/mudancas-climaticas-comprometem-futuro-da-producao-de-feijao-no-brasil-diz-embrapa\" class=\"thumb\">\n                <img class=\"lazy\" data-src=\"\/cache\/img\/noticias\/904.hojeemdia-100x70.jpg\" alt=\"\" src=\"data:image\/gif;base64,R0lGODlhAQABAAAAACH5BAEKAAEALAAAAAABAAEAAAICTAEAOw==\"><\/a>\n\n            <div class=\"post--info\">\n                <ul class=\"nav meta\">\n                   <!-- <li><a href=\"#\"><\/a><\/li> -->\n                    <li><a href=\"#\">22\/02\/2023<\/a><\/li>\n                <\/ul>\n\n                <div class=\"title\">\n                    <h3 class=\"h4\"><a href=\"\/post\/mudancas-climaticas-comprometem-futuro-da-producao-de-feijao-no-brasil-diz-embrapa\" class=\"btn-link title_box_2_lines\">Mudan\u00e7as clim\u00e1ticas comprometem futuro da produ\u00e7\u00e3o de feij\u00e3o no Brasil diz Embrapa<\/a><\/h3>\n                <\/div>\n            <\/div>\n        <\/div>\n    <\/div>\n    <!-- Post Item End -->\n<\/li>\n<li>\n    <!-- Post Item Start -->\n    <div class=\"post--item post--layout-3\">\n        <div class=\"post--img\">\n            <a href=\"\/post\/colider-tem-141-vagas-de-empregos-e-alguns-salarios-chegam-a-r-3-8-mil\" class=\"thumb\">\n                <img class=\"lazy\" data-src=\"\/cache\/img\/noticias\/507 Noticias Nobre-100x70.jpg\" alt=\"\" src=\"data:image\/gif;base64,R0lGODlhAQABAAAAACH5BAEKAAEALAAAAAABAAEAAAICTAEAOw==\"><\/a>\n\n            <div class=\"post--info\">\n                <ul class=\"nav meta\">\n                   <!-- <li><a href=\"#\"><\/a><\/li> -->\n                    <li><a href=\"#\">30\/11\/2022<\/a><\/li>\n                <\/ul>\n\n                <div class=\"title\">\n                    <h3 class=\"h4\"><a href=\"\/post\/colider-tem-141-vagas-de-empregos-e-alguns-salarios-chegam-a-r-3-8-mil\" class=\"btn-link title_box_2_lines\">Col\u00edder t\u00eam 141 vagas de empregos e alguns sal\u00e1rios chegam a R$ 3,8 mil<\/a><\/h3>\n                <\/div>\n            <\/div>\n        <\/div>\n    <\/div>\n    <!-- Post Item End -->\n<\/li>\n<li>\n    <!-- Post Item Start -->\n    <div class=\"post--item post--layout-3\">\n        <div class=\"post--img\">\n            <a href=\"\/post\/em-lucas-do-rio-verde-prefeitura-inicia-estudo-para-combater-dengue-com-uso-de-drones\" class=\"thumb\">\n                <img class=\"lazy\" data-src=\"\/cache\/img\/noticias\/lrv.dengue-100x70.jpg\" alt=\"\" src=\"data:image\/gif;base64,R0lGODlhAQABAAAAACH5BAEKAAEALAAAAAABAAEAAAICTAEAOw==\"><\/a>\n\n            <div class=\"post--info\">\n                <ul class=\"nav meta\">\n                   <!-- <li><a href=\"#\"><\/a><\/li> -->\n                    <li><a href=\"#\">21\/03\/2024<\/a><\/li>\n                <\/ul>\n\n                <div class=\"title\">\n                    <h3 class=\"h4\"><a href=\"\/post\/em-lucas-do-rio-verde-prefeitura-inicia-estudo-para-combater-dengue-com-uso-de-drones\" class=\"btn-link title_box_2_lines\">Em Lucas do Rio Verde prefeitura inicia estudo para combater dengue com uso de Drones<\/a><\/h3>\n                <\/div>\n            <\/div>\n        <\/div>\n    <\/div>\n    <!-- Post Item End -->\n<\/li>\n","prev_page_url":"\/authors_posts?page=450","next_page_url":"\/authors_posts?page=452"}