{"data":"<li>\n    <!-- Post Item Start -->\n    <div class=\"post--item post--layout-3\">\n        <div class=\"post--img\">\n            <a href=\"\/post\/juara-define-compra-de-ambulancia-para-reforcar-atendimentos-na-saude-publica\" class=\"thumb\">\n                <img class=\"lazy\" data-src=\"\/cache\/img\/noticias\/879.camaramunicipaldejuara-100x70.jpeg\" alt=\"\" src=\"data:image\/gif;base64,R0lGODlhAQABAAAAACH5BAEKAAEALAAAAAABAAEAAAICTAEAOw==\"><\/a>\n\n            <div class=\"post--info\">\n                <ul class=\"nav meta\">\n                   <!-- <li><a href=\"#\"><\/a><\/li> -->\n                    <li><a href=\"#\">17\/02\/2023<\/a><\/li>\n                <\/ul>\n\n                <div class=\"title\">\n                    <h3 class=\"h4\"><a href=\"\/post\/juara-define-compra-de-ambulancia-para-reforcar-atendimentos-na-saude-publica\" class=\"btn-link title_box_2_lines\">Juara define compra de ambul\u00e2ncia para refor\u00e7ar atendimentos na sa\u00fade p\u00fablica<\/a><\/h3>\n                <\/div>\n            <\/div>\n        <\/div>\n    <\/div>\n    <!-- Post Item End -->\n<\/li>\n<li>\n    <!-- Post Item Start -->\n    <div class=\"post--item post--layout-3\">\n        <div class=\"post--img\">\n            <a href=\"\/post\/governo-do-estado-tem-r-5-53-bilhoes-em-convenios-com-prefeituras-para-desenvolver-todas-as-regioes-do-estado\" class=\"thumb\">\n                <img class=\"lazy\" data-src=\"\/cache\/img\/noticias\/MT 100_MEV-6103-100x70.jpg\" alt=\"\" src=\"data:image\/gif;base64,R0lGODlhAQABAAAAACH5BAEKAAEALAAAAAABAAEAAAICTAEAOw==\"><\/a>\n\n            <div class=\"post--info\">\n                <ul class=\"nav meta\">\n                   <!-- <li><a href=\"#\"><\/a><\/li> -->\n                    <li><a href=\"#\">19\/02\/2024<\/a><\/li>\n                <\/ul>\n\n                <div class=\"title\">\n                    <h3 class=\"h4\"><a href=\"\/post\/governo-do-estado-tem-r-5-53-bilhoes-em-convenios-com-prefeituras-para-desenvolver-todas-as-regioes-do-estado\" class=\"btn-link title_box_2_lines\">Governo do Estado tem R$ 5,53 bilh\u00f5es em conv\u00eanios com prefeituras para desenvolver todas as regi\u00f5es do Estado<\/a><\/h3>\n                <\/div>\n            <\/div>\n        <\/div>\n    <\/div>\n    <!-- Post Item End -->\n<\/li>\n<li>\n    <!-- Post Item Start -->\n    <div class=\"post--item post--layout-3\">\n        <div class=\"post--img\">\n            <a href=\"\/post\/novo-levantamento-aponta-aumento-na-area-plantada-de-milho-em-mt-6-3-milhoes-de-hectares\" class=\"thumb\">\n                <img class=\"lazy\" data-src=\"\/cache\/img\/noticias\/milho.colheita-100x70.jpg\" alt=\"\" src=\"data:image\/gif;base64,R0lGODlhAQABAAAAACH5BAEKAAEALAAAAAABAAEAAAICTAEAOw==\"><\/a>\n\n            <div class=\"post--info\">\n                <ul class=\"nav meta\">\n                   <!-- <li><a href=\"#\"><\/a><\/li> -->\n                    <li><a href=\"#\">14\/03\/2022<\/a><\/li>\n                <\/ul>\n\n                <div class=\"title\">\n                    <h3 class=\"h4\"><a href=\"\/post\/novo-levantamento-aponta-aumento-na-area-plantada-de-milho-em-mt-6-3-milhoes-de-hectares\" class=\"btn-link title_box_2_lines\">Novo levantamento aponta aumento na \u00e1rea plantada de milho em MT; 6,3 milh\u00f5es de hectares<\/a><\/h3>\n                <\/div>\n            <\/div>\n        <\/div>\n    <\/div>\n    <!-- Post Item End -->\n<\/li>\n<li>\n    <!-- Post Item Start -->\n    <div class=\"post--item post--layout-3\">\n        <div class=\"post--img\">\n            <a href=\"\/post\/governo-trata-de-projeto-de-construcao-de-termeletrica-e-linha-de-transmissao-para-mt\" class=\"thumb\">\n                <img class=\"lazy\" data-src=\"\/cache\/img\/noticias\/Gov. Mauro Mendes recebe comitiva do Minist\u00e9rio de Energia da Bol\u00edvia-100x70.jpg\" alt=\"\" src=\"data:image\/gif;base64,R0lGODlhAQABAAAAACH5BAEKAAEALAAAAAABAAEAAAICTAEAOw==\"><\/a>\n\n            <div class=\"post--info\">\n                <ul class=\"nav meta\">\n                   <!-- <li><a href=\"#\"><\/a><\/li> -->\n                    <li><a href=\"#\">03\/09\/2019<\/a><\/li>\n                <\/ul>\n\n                <div class=\"title\">\n                    <h3 class=\"h4\"><a href=\"\/post\/governo-trata-de-projeto-de-construcao-de-termeletrica-e-linha-de-transmissao-para-mt\" class=\"btn-link title_box_2_lines\">Governo trata de projeto de constru\u00e7\u00e3o de termel\u00e9trica e linha de transmiss\u00e3o para MT<\/a><\/h3>\n                <\/div>\n            <\/div>\n        <\/div>\n    <\/div>\n    <!-- Post Item End -->\n<\/li>\n","prev_page_url":"\/authors_posts?page=456","next_page_url":"\/authors_posts?page=458"}