{"data":"<li>\n    <!-- Post Item Start -->\n    <div class=\"post--item post--layout-3\">\n        <div class=\"post--img\">\n            <a href=\"\/post\/alta-de-3-e-registrada-em-varios-supermercados-do-brasil\" class=\"thumb\">\n                <img class=\"lazy\" data-src=\"\/cache\/img\/noticias\/060.gdffsr-100x70.jpg\" alt=\"\" src=\"data:image\/gif;base64,R0lGODlhAQABAAAAACH5BAEKAAEALAAAAAABAAEAAAICTAEAOw==\"><\/a>\n\n            <div class=\"post--info\">\n                <ul class=\"nav meta\">\n                   <!-- <li><a href=\"#\"><\/a><\/li> -->\n                    <li><a href=\"#\">25\/01\/2024<\/a><\/li>\n                <\/ul>\n\n                <div class=\"title\">\n                    <h3 class=\"h4\"><a href=\"\/post\/alta-de-3-e-registrada-em-varios-supermercados-do-brasil\" class=\"btn-link title_box_2_lines\">Alta de 3% \u00e9 registrada em v\u00e1rios supermercados do Brasil<\/a><\/h3>\n                <\/div>\n            <\/div>\n        <\/div>\n    <\/div>\n    <!-- Post Item End -->\n<\/li>\n<li>\n    <!-- Post Item Start -->\n    <div class=\"post--item post--layout-3\">\n        <div class=\"post--img\">\n            <a href=\"\/post\/subcomandante-da-guarda-municipal-de-varzea-grande-conquista-medalha-de-bronze\" class=\"thumb\">\n                <img class=\"lazy\" data-src=\"\/cache\/img\/noticias\/2d665db2293407153d64842132176dc8-100x70.jpeg\" alt=\"\" src=\"data:image\/gif;base64,R0lGODlhAQABAAAAACH5BAEKAAEALAAAAAABAAEAAAICTAEAOw==\"><\/a>\n\n            <div class=\"post--info\">\n                <ul class=\"nav meta\">\n                   <!-- <li><a href=\"#\"><\/a><\/li> -->\n                    <li><a href=\"#\">27\/06\/2023<\/a><\/li>\n                <\/ul>\n\n                <div class=\"title\">\n                    <h3 class=\"h4\"><a href=\"\/post\/subcomandante-da-guarda-municipal-de-varzea-grande-conquista-medalha-de-bronze\" class=\"btn-link title_box_2_lines\">Subcomandante da Guarda Municipal de V\u00e1rzea Grande conquista medalha de bronze<\/a><\/h3>\n                <\/div>\n            <\/div>\n        <\/div>\n    <\/div>\n    <!-- Post Item End -->\n<\/li>\n<li>\n    <!-- Post Item Start -->\n    <div class=\"post--item post--layout-3\">\n        <div class=\"post--img\">\n            <a href=\"\/post\/sinop-tera-novo-codigo-de-obras-e-edificacoes-a-partir-de-janeiro-com-novas-regras-para-construir-casas-e-empresas\" class=\"thumb\">\n                <img class=\"lazy\" data-src=\"\/cache\/img\/noticias\/591.radiocidadedecaratinga-100x70.jpg\" alt=\"\" src=\"data:image\/gif;base64,R0lGODlhAQABAAAAACH5BAEKAAEALAAAAAABAAEAAAICTAEAOw==\"><\/a>\n\n            <div class=\"post--info\">\n                <ul class=\"nav meta\">\n                   <!-- <li><a href=\"#\"><\/a><\/li> -->\n                    <li><a href=\"#\">27\/12\/2022<\/a><\/li>\n                <\/ul>\n\n                <div class=\"title\">\n                    <h3 class=\"h4\"><a href=\"\/post\/sinop-tera-novo-codigo-de-obras-e-edificacoes-a-partir-de-janeiro-com-novas-regras-para-construir-casas-e-empresas\" class=\"btn-link title_box_2_lines\">Sinop ter\u00e1 novo c\u00f3digo de obras e edifica\u00e7\u00f5es a partir de janeiro com novas regras para construir casas e empresas<\/a><\/h3>\n                <\/div>\n            <\/div>\n        <\/div>\n    <\/div>\n    <!-- Post Item End -->\n<\/li>\n<li>\n    <!-- Post Item Start -->\n    <div class=\"post--item post--layout-3\">\n        <div class=\"post--img\">\n            <a href=\"\/post\/cai-cotacao-da-soja-disponivel-em-mato-grosso\" class=\"thumb\">\n                <img class=\"lazy\" data-src=\"\/cache\/img\/noticias\/2fb5998b-7a74-4910-9b6a-5e2db373be7d-100x70.jpeg\" alt=\"\" src=\"data:image\/gif;base64,R0lGODlhAQABAAAAACH5BAEKAAEALAAAAAABAAEAAAICTAEAOw==\"><\/a>\n\n            <div class=\"post--info\">\n                <ul class=\"nav meta\">\n                   <!-- <li><a href=\"#\"><\/a><\/li> -->\n                    <li><a href=\"#\">07\/07\/2022<\/a><\/li>\n                <\/ul>\n\n                <div class=\"title\">\n                    <h3 class=\"h4\"><a href=\"\/post\/cai-cotacao-da-soja-disponivel-em-mato-grosso\" class=\"btn-link title_box_2_lines\">Cai cota\u00e7\u00e3o da soja dispon\u00edvel em Mato Grosso<\/a><\/h3>\n                <\/div>\n            <\/div>\n        <\/div>\n    <\/div>\n    <!-- Post Item End -->\n<\/li>\n","prev_page_url":"\/authors_posts?page=65","next_page_url":"\/authors_posts?page=67"}