{"data":"<li>\n    <!-- Post Item Start -->\n    <div class=\"post--item post--layout-3\">\n        <div class=\"post--img\">\n            <a href=\"\/post\/mauro-mendes-articula-junto-ao-bndes-recursos-para-duplicar-br-163-entre-nova-mutum-e-lucas\" class=\"thumb\">\n                <img class=\"lazy\" data-src=\"\/cache\/img\/noticias\/mauro-mendes-em-mutum-990x556-100x70.jpg\" alt=\"\" src=\"data:image\/gif;base64,R0lGODlhAQABAAAAACH5BAEKAAEALAAAAAABAAEAAAICTAEAOw==\"><\/a>\n\n            <div class=\"post--info\">\n                <ul class=\"nav meta\">\n                   <!-- <li><a href=\"#\"><\/a><\/li> -->\n                    <li><a href=\"#\">10\/05\/2024<\/a><\/li>\n                <\/ul>\n\n                <div class=\"title\">\n                    <h3 class=\"h4\"><a href=\"\/post\/mauro-mendes-articula-junto-ao-bndes-recursos-para-duplicar-br-163-entre-nova-mutum-e-lucas\" class=\"btn-link title_box_2_lines\">Mauro Mendes articula junto ao BNDES recursos para duplicar BR 163 entre Nova Mutum e Lucas <\/a><\/h3>\n                <\/div>\n            <\/div>\n        <\/div>\n    <\/div>\n    <!-- Post Item End -->\n<\/li>\n<li>\n    <!-- Post Item Start -->\n    <div class=\"post--item post--layout-3\">\n        <div class=\"post--img\">\n            <a href=\"\/post\/agricultores-preocupados-com-falta-de-armazens-e-milho-fica-a-ceu-aberto-no-nortao-safra-grande\" class=\"thumb\">\n                <img class=\"lazy\" data-src=\"\/cache\/img\/noticias\/soja armazem-100x70.jpeg\" alt=\"\" src=\"data:image\/gif;base64,R0lGODlhAQABAAAAACH5BAEKAAEALAAAAAABAAEAAAICTAEAOw==\"><\/a>\n\n            <div class=\"post--info\">\n                <ul class=\"nav meta\">\n                   <!-- <li><a href=\"#\"><\/a><\/li> -->\n                    <li><a href=\"#\">21\/07\/2022<\/a><\/li>\n                <\/ul>\n\n                <div class=\"title\">\n                    <h3 class=\"h4\"><a href=\"\/post\/agricultores-preocupados-com-falta-de-armazens-e-milho-fica-a-ceu-aberto-no-nortao-safra-grande\" class=\"btn-link title_box_2_lines\">Agricultores preocupados com falta de armaz\u00e9ns e milho fica a c\u00e9u aberto no Nort\u00e3o; \u201csafra grande\u201d<\/a><\/h3>\n                <\/div>\n            <\/div>\n        <\/div>\n    <\/div>\n    <!-- Post Item End -->\n<\/li>\n<li>\n    <!-- Post Item Start -->\n    <div class=\"post--item post--layout-3\">\n        <div class=\"post--img\">\n            <a href=\"\/post\/vereadores-de-varzea-grande-pedem-ao-dae-flexibilidade-nos-parcelamento-de-debitos\" class=\"thumb\">\n                <img class=\"lazy\" data-src=\"\/cache\/img\/noticias\/camaraVG-100x70.jpg\" alt=\"\" src=\"data:image\/gif;base64,R0lGODlhAQABAAAAACH5BAEKAAEALAAAAAABAAEAAAICTAEAOw==\"><\/a>\n\n            <div class=\"post--info\">\n                <ul class=\"nav meta\">\n                   <!-- <li><a href=\"#\"><\/a><\/li> -->\n                    <li><a href=\"#\">05\/03\/2024<\/a><\/li>\n                <\/ul>\n\n                <div class=\"title\">\n                    <h3 class=\"h4\"><a href=\"\/post\/vereadores-de-varzea-grande-pedem-ao-dae-flexibilidade-nos-parcelamento-de-debitos\" class=\"btn-link title_box_2_lines\">Vereadores de V\u00e1rzea Grande pedem ao DAE flexibilidade nos parcelamento de d\u00e9bitos <\/a><\/h3>\n                <\/div>\n            <\/div>\n        <\/div>\n    <\/div>\n    <!-- Post Item End -->\n<\/li>\n<li>\n    <!-- Post Item Start -->\n    <div class=\"post--item post--layout-3\">\n        <div class=\"post--img\">\n            <a href=\"\/post\/boi-gordo-fecha-pela-segunda-vez-semestre-com-com-maior-volume-em-exportacao\" class=\"thumb\">\n                <img class=\"lazy\" data-src=\"\/cache\/img\/noticias\/1461.reporteragro-100x70.jpeg\" alt=\"\" src=\"data:image\/gif;base64,R0lGODlhAQABAAAAACH5BAEKAAEALAAAAAABAAEAAAICTAEAOw==\"><\/a>\n\n            <div class=\"post--info\">\n                <ul class=\"nav meta\">\n                   <!-- <li><a href=\"#\"><\/a><\/li> -->\n                    <li><a href=\"#\">06\/07\/2023<\/a><\/li>\n                <\/ul>\n\n                <div class=\"title\">\n                    <h3 class=\"h4\"><a href=\"\/post\/boi-gordo-fecha-pela-segunda-vez-semestre-com-com-maior-volume-em-exportacao\" class=\"btn-link title_box_2_lines\">Boi Gordo:  Fecha pela segunda vez semestre com com maior volume em exporta\u00e7\u00e3o<\/a><\/h3>\n                <\/div>\n            <\/div>\n        <\/div>\n    <\/div>\n    <!-- Post Item End -->\n<\/li>\n","prev_page_url":"\/authors_posts?page=69","next_page_url":"\/authors_posts?page=71"}